{"id":9982,"date":"2025-12-03T18:00:59","date_gmt":"2025-12-03T21:00:59","guid":{"rendered":"https:\/\/unolar.com.br\/?p=9982"},"modified":"2025-12-03T18:00:59","modified_gmt":"2025-12-03T21:00:59","slug":"o-que-fazer-em-balneario-picarras","status":"publish","type":"post","link":"https:\/\/blog.unolar.com.br\/?p=9982","title":{"rendered":"O que fazer em Balne\u00e1rio Pi\u00e7arras?"},"content":{"rendered":"<p><span style=\"font-weight: 400;\">Balne\u00e1rio Pi\u00e7arras n\u00e3o \u00e9 apenas mais um destino de praia no litoral catarinense \u2013 \u00e9 uma experi\u00eancia completa que desafia as expectativas. Enquanto muitos buscam apenas sol e mar, esta cidade revela-se um verdadeiro laborat\u00f3rio de experi\u00eancias que equilibra perfeitamente tranquilidade familiar, riqueza cultural e aventuras emocionantes.<\/span><\/p>\n<p><span style=\"font-weight: 400;\">Com a prestigiosa certifica\u00e7\u00e3o <\/span><b>Bandeira Azul<\/b><span style=\"font-weight: 400;\">, Pi\u00e7arras n\u00e3o apenas ostenta um selo internacional, mas garante algo muito mais valioso para voc\u00ea e sua fam\u00edlia: \u00e1guas cristalinas, seguras e monitoradas constantemente. Isso significa que enquanto as crian\u00e7as brincam na areia, voc\u00ea pode relaxar sabendo que est\u00e1 em um dos destinos mais seguros e bem cuidados do Brasil.<\/span><\/p>\n<p><span style=\"font-weight: 400;\">Localizada estrategicamente no litoral norte de Santa Catarina, a apenas 130 km de Florian\u00f3polis, Pi\u00e7arras oferece a infraestrutura de uma cidade moderna sem perder o charme acolhedor de uma comunidade litor\u00e2nea aut\u00eantica. Com uma popula\u00e7\u00e3o de aproximadamente 30.000 habitantes (2025), a cidade cresce de forma planejada, mantendo o equil\u00edbrio entre desenvolvimento e preserva\u00e7\u00e3o ambiental.<\/span><\/p>\n<p><b>Neste guia, voc\u00ea n\u00e3o encontrar\u00e1 apenas uma lista de pontos tur\u00edsticos, mas um convite para viver Pi\u00e7arras de acordo com o seu estilo de viagem.<\/b><span style=\"font-weight: 400;\"> Seja voc\u00ea um aventureiro em busca de adrenalina, uma fam\u00edlia procurando seguran\u00e7a e divers\u00e3o, ou um casal rom\u00e2ntico em busca de tranquilidade, este roteiro foi pensado para transformar sua visita em uma experi\u00eancia inesquec\u00edvel.<\/span><\/p>\n<h2><b>O Roteiro das \u00c1guas: Vivendo as Praias de Pi\u00e7arras da Agita\u00e7\u00e3o \u00e0 Calmaria<\/b><\/h2>\n<h3><b>Praia Central: O Cora\u00e7\u00e3o Pulsante da Cidade<\/b><\/h3>\n<p><span style=\"font-weight: 400;\">A <\/span><b>Praia Central<\/b><span style=\"font-weight: 400;\"> \u00e9 muito mais que o epicentro geogr\u00e1fico de Pi\u00e7arras \u2013 \u00e9 onde a alma da cidade se revela. Com seus 2,5 km de extens\u00e3o, oferece a infraestrutura mais completa da regi\u00e3o, mas \u00e9 nos detalhes que ela se destaca.<\/span><\/p>\n<p><b>Experi\u00eancia Matinal Imperd\u00edvel:<\/b><span style=\"font-weight: 400;\"> Chegue ao cal\u00e7ad\u00e3o \u00e0s 6h da manh\u00e3 e testemunhe o despertar da cidade. Os pescadores retornando com o pescado fresco, os primeiros surfistas testando as ondas e a brisa marinha ainda fresca criam um cen\u00e1rio cinematogr\u00e1fico. O deck central, com seus 200 metros de extens\u00e3o, oferece o ponto de observa\u00e7\u00e3o perfeito para fotos que capturam a ess\u00eancia aut\u00eantica de Pi\u00e7arras.<\/span><\/p>\n<p><b><span dir=\"auto\" style=\"vertical-align: inherit;\"><span dir=\"auto\" style=\"vertical-align: inherit;\">Dica Inovadora: <\/span><\/span><\/b><span style=\"font-weight: 400;\"><span dir=\"auto\" style=\"vertical-align: inherit;\"><span dir=\"auto\" style=\"vertical-align: inherit;\">Organize um piquenique no gramado do molhe ao p\u00f4r do sol. Esse local, frequentemente ignorado pelos turistas, oferece uma vista privilegiada do encontro entre o Rio Pi\u00e7arras e o mar, criando um espet\u00e1culo natural \u00fanico. Leve uma canga, alguns petiscos locais e prepare-se para um dos momentos mais rom\u00e2nticos da sua viagem.<\/span><\/span><\/span><\/p>\n<p><span style=\"font-weight: 400;\">A infraestrutura de quiosques se estende por toda a orla, oferecendo desde \u00e1gua de coco gelada at\u00e9 pratos elaborados com frutos do mar. Durante a alta temporada (dezembro a mar\u00e7o), a ocupa\u00e7\u00e3o m\u00e9dia da praia atinge 85%, mas sua extens\u00e3o garante espa\u00e7o confort\u00e1vel para todos.<\/span><\/p>\n<h3><b>Praia das Palmeiras: O Ref\u00fagio das Fam\u00edlias<\/b><\/h3>\n<p><span style=\"font-weight: 400;\">Localizada na por\u00e7\u00e3o sul da cidade, a <\/span><b>Praia das Palmeiras<\/b><span style=\"font-weight: 400;\"> conquistou o cora\u00e7\u00e3o das fam\u00edlias brasileiras por uma raz\u00e3o muito espec\u00edfica: suas \u00e1guas naturalmente calmas e protegidas. A forma\u00e7\u00e3o geogr\u00e1fica da ba\u00eda cria uma barreira natural que reduz significativamente a for\u00e7a das ondas, resultando em um ambiente aqu\u00e1tico ideal para crian\u00e7as.<\/span><\/p>\n<p><b>Dados de Seguran\u00e7a (2024):<\/b><span style=\"font-weight: 400;\"> A praia registra zero acidentes graves com banhistas nos \u00faltimos tr\u00eas anos, mantendo um dos melhores \u00edndices de seguran\u00e7a do litoral catarinense. A profundidade aumenta gradualmente, permitindo que crian\u00e7as de diferentes idades encontrem sua zona de conforto.<\/span><\/p>\n<p><b><span dir=\"auto\" style=\"vertical-align: inherit;\"><span dir=\"auto\" style=\"vertical-align: inherit;\">Dica Inovadora: <\/span><\/span><\/b><span style=\"font-weight: 400;\"><span dir=\"auto\" style=\"vertical-align: inherit;\"><span dir=\"auto\" style=\"vertical-align: inherit;\">Explore a proximidade com a <\/span><\/span><\/span><b><span dir=\"auto\" style=\"vertical-align: inherit;\"><span dir=\"auto\" style=\"vertical-align: inherit;\">Foz do Rio Pi\u00e7arras <\/span><\/span><\/b><span style=\"font-weight: 400;\"><span dir=\"auto\" style=\"vertical-align: inherit;\"><span dir=\"auto\" style=\"vertical-align: inherit;\">, um ecossistema \u00fanico onde \u00e1gua doce e salgada se encontram. Este local \u00e9 perfeito para stand-up paddle em \u00e1guas tranquilas, especialmente durante a mar\u00e9 baixa. V\u00e1rias empresas locais oferecem aluguel de equipamentos por R$ 40-60\/hora (2024).<\/span><\/span><\/span><\/p>\n<p><span style=\"font-weight: 400;\">A Praia das Palmeiras tamb\u00e9m abriga o <\/span><b>Projeto Tamar<\/b><span style=\"font-weight: 400;\">, que desenvolve a\u00e7\u00f5es de conserva\u00e7\u00e3o marinha na regi\u00e3o. Durante os meses de setembro a mar\u00e7o, \u00e9 poss\u00edvel observar o trabalho de monitoramento das tartarugas marinhas, uma experi\u00eancia educativa \u00fanica para toda a fam\u00edlia.<\/span><\/p>\n<h3><b>Praia Ponta do Jacques: O Para\u00edso dos Aventureiros<\/b><\/h3>\n<p><span style=\"font-weight: 400;\">Na extremidade norte da cidade, a <\/span><b>Praia Ponta do Jacques<\/b><span style=\"font-weight: 400;\"> revela o lado mais selvagem e aut\u00eantico de Pi\u00e7arras. Frequentada principalmente por surfistas e praticantes de esportes n\u00e1uticos, esta praia oferece ondas mais consistentes e um ambiente menos urbanizado.<\/span><\/p>\n<p><b><span dir=\"auto\" style=\"vertical-align: inherit;\"><span dir=\"auto\" style=\"vertical-align: inherit;\">Caracter\u00edsticas T\u00e9cnicas: <\/span><\/span><\/b><span style=\"font-weight: 400;\"><span dir=\"auto\" style=\"vertical-align: inherit;\"><span dir=\"auto\" style=\"vertical-align: inherit;\">Com ondas que variam de 0,8m a 2,5m durante o ano, a praia atrai surfistas de n\u00edvel intermedi\u00e1rio a avan\u00e7ado. Os melhores swells ocorrem entre abril e setembro, quando as condi\u00e7\u00f5es clim\u00e1ticas favorecem a forma\u00e7\u00e3o de ondas mais organizadas.<\/span><\/span><\/span><\/p>\n<p><span style=\"font-weight: 400;\">A beleza natural exuberante, com cost\u00f5es rochosos cercados por vegeta\u00e7\u00e3o nativa da Mata Atl\u00e2ntica, cria cen\u00e1rios perfeitos para fotografia e contempla\u00e7\u00e3o. Durante a mar\u00e9 baixa, as piscinas naturais formadas entre as rochas revelam um aqu\u00e1rio natural com peixes coloridos e crust\u00e1ceos.<\/span><\/p>\n<p><img loading=\"lazy\" decoding=\"async\" class=\"alignnone wp-image-9992 size-full\" title=\"Praia de Balne\u00e1rio Pi\u00e7arras\" src=\"https:\/\/blog.unolar.com.br\/media\/unolar\/2025\/12\/Rascunhos-Blog-13-scaled.jpg\" alt=\"Praia de Balne\u00e1rio Pi\u00e7arras\" width=\"2560\" height=\"1440\" \/><\/p>\n<h2><b>Mergulho no Conhecimento e na Cultura: O Lado B de Pi\u00e7arras<\/b><\/h2>\n<h3><b><span dir=\"auto\" style=\"vertical-align: inherit;\"><span dir=\"auto\" style=\"vertical-align: inherit;\">Museu Oceanogr\u00e1fico Univali (MOVI): Uma Viagem ao Fundo do Mar Sem Se Molhar<\/span><\/span><\/b><\/h3>\n<p><span style=\"font-weight: 400;\">O <\/span><b>Museu Oceanogr\u00e1fico Univali<\/b><span style=\"font-weight: 400;\"> n\u00e3o \u00e9 apenas uma atra\u00e7\u00e3o tur\u00edstica \u2013 \u00e9 uma janela para os mist\u00e9rios do oceano Atl\u00e2ntico Sul. Como o maior museu de oceanografia da Am\u00e9rica Latina, abriga mais de 1.500 pe\u00e7as em exposi\u00e7\u00e3o, incluindo f\u00f3sseis de milh\u00f5es de anos e animais vivos em aqu\u00e1rios tem\u00e1ticos.<\/span><\/p>\n<p><b>Experi\u00eancia Imersiva:<\/b><span style=\"font-weight: 400;\"> A exposi\u00e7\u00e3o de tubar\u00f5es e raias representa o ponto alto da visita. O aqu\u00e1rio principal, com 200.000 litros de \u00e1gua salgada, recria perfeitamente o habitat natural desses predadores. Durante os hor\u00e1rios de alimenta\u00e7\u00e3o (ter\u00e7as e quintas \u00e0s 15h), \u00e9 poss\u00edvel observar o comportamento natural dos animais em um espet\u00e1culo educativo fascinante.<\/span><\/p>\n<p><b>Dados de Visita\u00e7\u00e3o (2024):<\/b><span style=\"font-weight: 400;\"> O museu recebe aproximadamente 180.000 visitantes anuais, sendo 60% fam\u00edlias com crian\u00e7as. O tempo m\u00e9dio de perman\u00eancia \u00e9 de 2h30min, tornando-se a atividade cultural mais procurada da regi\u00e3o.<\/span><\/p>\n<p><b>Dica Estrat\u00e9gica:<\/b><span style=\"font-weight: 400;\"> Visite o museu em dias nublados ou chuvosos. Al\u00e9m de ser uma alternativa perfeita para o mau tempo, voc\u00ea encontrar\u00e1 menos multid\u00f5es e poder\u00e1 aproveitar melhor as explica\u00e7\u00f5es dos monitores especializados.<\/span><\/p>\n<p><img loading=\"lazy\" decoding=\"async\" class=\"alignnone wp-image-9984 size-large\" title=\"Foto Museu Oceanogr\u00e1fico Univali (MOVI)\" src=\"https:\/\/blog.unolar.com.br\/media\/unolar\/2025\/12\/Rascunhos-Blog-9-1024x576.jpg\" alt=\"Foto Museu Oceanogr\u00e1fico Univali (MOVI)\" width=\"1024\" height=\"576\" \/><\/p>\n<div class=\"hide-scrollbar markdown prose relative w-full max-w-none overflow-x-scroll break-words text-base leading-7 first:mt-0 prose-headings:first:mt-0 prose-strong:font-bold prose-thead:font-bold light:text-[#3E4247] dark:text-[#EBEBEB] prose-headings:light:text-[#3E4247]\">\n<div>\n<div>\n<h2 class=\"mb-2 mt-4 text-[1.5rem]\/[2.25rem] font-bold\">Esportes de Areia: Divers\u00e3o e Atividade F\u00edsica nas Praias de Pi\u00e7arras<\/h2>\n<\/div>\n<\/div>\n<\/div>\n<div class=\"hide-scrollbar markdown prose relative w-full max-w-none overflow-x-scroll break-words text-base leading-7 first:mt-0 prose-headings:first:mt-0 prose-strong:font-bold prose-thead:font-bold light:text-[#3E4247] dark:text-[#EBEBEB] prose-headings:light:text-[#3E4247]\">\n<div>\n<div>\n<h3 class=\"mb-2 mt-4 text-[1.25rem]\/[2rem] font-bold\">Quadras P\u00fablicas: Esporte Gratuito \u00e0 Beira-Mar<\/h3>\n<\/div>\n<\/div>\n<\/div>\n<div class=\"hide-scrollbar markdown prose relative w-full max-w-none overflow-x-scroll break-words text-base leading-7 first:mt-0 prose-headings:first:mt-0 prose-strong:font-bold prose-thead:font-bold light:text-[#3E4247] dark:text-[#EBEBEB] prose-headings:light:text-[#3E4247]\">\n<div>\n<div>\n<p class=\"mb-3 mt-0\" data-copy-text=\"true\">Balne\u00e1rio Pi\u00e7arras oferece diversas op\u00e7\u00f5es para os amantes de esportes de areia, com <strong>quadras p\u00fablicas dispon\u00edveis ao longo da orla<\/strong>. Esses espa\u00e7os s\u00e3o ideais para a pr\u00e1tica gratuita de beach tennis, v\u00f4lei de praia, futev\u00f4lei e futebol de areia, promovendo lazer e integra\u00e7\u00e3o entre moradores e visitantes.<\/p>\n<\/div>\n<\/div>\n<\/div>\n<div class=\"hide-scrollbar markdown prose relative w-full max-w-none overflow-x-scroll break-words text-base leading-7 first:mt-0 prose-headings:first:mt-0 prose-strong:font-bold prose-thead:font-bold light:text-[#3E4247] dark:text-[#EBEBEB] prose-headings:light:text-[#3E4247]\">\n<div>\n<div>\n<p class=\"mb-3 mt-0\" data-copy-text=\"true\"><strong>Infraestrutura P\u00fablica Dispon\u00edvel:<\/strong><\/p>\n<\/div>\n<\/div>\n<\/div>\n<div class=\"hide-scrollbar markdown prose relative w-full max-w-none overflow-x-scroll break-words text-base leading-7 first:mt-0 prose-headings:first:mt-0 prose-strong:font-bold prose-thead:font-bold light:text-[#3E4247] dark:text-[#EBEBEB] prose-headings:light:text-[#3E4247]\">\n<div>\n<div>\n<ul class=\"mb-2 mt-0\">\n<li class=\"my-[5px] first:mt-0 last:mb-0\" data-copy-text=\"true\"><strong>Quadras de V\u00f4lei de Praia:<\/strong> Tr\u00eas quadras demarcadas na Praia Central, com redes permanentes<\/li>\n<li class=\"my-[5px] first:mt-0 last:mb-0\" data-copy-text=\"true\"><strong>Espa\u00e7os para Beach Tennis:<\/strong> Duas \u00e1reas espec\u00edficas com demarca\u00e7\u00e3o oficial<\/li>\n<li class=\"my-[5px] first:mt-0 last:mb-0\" data-copy-text=\"true\"><strong>Campo de Futebol de Areia:<\/strong> Localizado pr\u00f3ximo ao deck central, com traves fixas<\/li>\n<li class=\"my-[5px] first:mt-0 last:mb-0\" data-copy-text=\"true\"><strong>\u00c1rea de Futev\u00f4lei:<\/strong> Espa\u00e7o dedicado com rede regulamentar<\/li>\n<\/ul>\n<\/div>\n<\/div>\n<\/div>\n<div class=\"hide-scrollbar markdown prose relative w-full max-w-none overflow-x-scroll break-words text-base leading-7 first:mt-0 prose-headings:first:mt-0 prose-strong:font-bold prose-thead:font-bold light:text-[#3E4247] dark:text-[#EBEBEB] prose-headings:light:text-[#3E4247]\">\n<div>\n<div>\n<p class=\"mb-3 mt-0\" data-copy-text=\"true\"><strong>Hor\u00e1rios e Acesso:<\/strong> As quadras p\u00fablicas funcionam diariamente das 6h \u00e0s 22h, com uso livre e gratuito. Durante os fins de semana, \u00e9 comum encontrar grupos organizando torneios espont\u00e2neos e &#8220;rach\u00f5es&#8221; amistosos, criando um ambiente de confraterniza\u00e7\u00e3o esportiva.<\/p>\n<\/div>\n<\/div>\n<\/div>\n<div class=\"hide-scrollbar markdown prose relative w-full max-w-none overflow-x-scroll break-words text-base leading-7 first:mt-0 prose-headings:first:mt-0 prose-strong:font-bold prose-thead:font-bold light:text-[#3E4247] dark:text-[#EBEBEB] prose-headings:light:text-[#3E4247]\">\n<div>\n<div>\n<p class=\"mb-3 mt-0\" data-copy-text=\"true\">Al\u00e9m das quadras p\u00fablicas, a <strong>Arena Pi\u00e7arras<\/strong> destaca-se como um complexo esportivo privado, oferecendo cinco quadras de areia, vesti\u00e1rios e \u00e1rea social. Para utilizar as instala\u00e7\u00f5es da Arena, \u00e9 necess\u00e1rio agendamento pr\u00e9vio e pagamento de taxa.<\/p>\n<\/div>\n<\/div>\n<\/div>\n<div class=\"hide-scrollbar markdown prose relative w-full max-w-none overflow-x-scroll break-words text-base leading-7 first:mt-0 prose-headings:first:mt-0 prose-strong:font-bold prose-thead:font-bold light:text-[#3E4247] dark:text-[#EBEBEB] prose-headings:light:text-[#3E4247]\">\n<div>\n<div>\n<blockquote class=\"my-5 border-l-2 py-2 pl-3 font-normal light:border-[#303030] light:text-[#303030] dark:border-[#EBEBEB] dark:text-[#EBEBEB] [&amp;_p]:mb-0\">\n<p class=\"mb-3 mt-0\" data-copy-text=\"true\"><strong>Dica Gratuita:<\/strong> Traga sua pr\u00f3pria bola e aproveite as quadras p\u00fablicas durante a semana, quando est\u00e3o menos movimentadas. Muitos grupos locais recebem visitantes de bra\u00e7os abertos para uma partida amistosa \u2013 uma excelente forma de conhecer pessoas e se exercitar sem custo algum.<\/p>\n<\/blockquote>\n<\/div>\n<\/div>\n<\/div>\n<div class=\"hide-scrollbar markdown prose relative w-full max-w-none overflow-x-scroll break-words text-base leading-7 first:mt-0 prose-headings:first:mt-0 prose-strong:font-bold prose-thead:font-bold light:text-[#3E4247] dark:text-[#EBEBEB] prose-headings:light:text-[#3E4247]\">\n<div>\n<div>\n<p class=\"mb-3 mt-0\" data-copy-text=\"true\">Para aqueles que preferem atividades gratuitas, as quadras p\u00fablicas s\u00e3o uma excelente op\u00e7\u00e3o para se exercitar e socializar \u00e0 beira-mar, aproveitando o cen\u00e1rio \u00fanico que apenas Pi\u00e7arras pode oferecer.<\/p>\n<\/div>\n<\/div>\n<\/div>\n<h3><b>Par\u00f3quia Nossa Senhora da Paz: Arquitetura e Espiritualidade<\/b><\/h3>\n<p><span style=\"font-weight: 400;\">A <\/span><b>Par\u00f3quia Nossa Senhora da Paz<\/b><span style=\"font-weight: 400;\">, localizada no centro hist\u00f3rico da cidade, representa um marco arquitet\u00f4nico e espiritual. Constru\u00edda na d\u00e9cada de 1960, a igreja combina elementos da arquitetura moderna com tradi\u00e7\u00f5es cat\u00f3licas locais.<\/span><\/p>\n<p><b>Patrim\u00f4nio Cultural:<\/b><span style=\"font-weight: 400;\"> Durante o m\u00eas de junho, a par\u00f3quia organiza as tradicionais festividades de Nossa Senhora da Paz, incluindo missas especiais, prociss\u00f5es mar\u00edtimas e festas comunit\u00e1rias com comidas t\u00edpicas catarinenses. O evento atrai mais de 15.000 participantes anualmente (2024), tornando-se uma das maiores celebra\u00e7\u00f5es religiosas do litoral norte.<\/span><\/p>\n<p><b>Artesanato Local:<\/b><span style=\"font-weight: 400;\"> Nos arredores da igreja, artes\u00e3os locais comercializam pe\u00e7as \u00fanicas feitas com materiais marinhos \u2013 redes de pesca transformadas em lumin\u00e1rias, conchas moldadas em objetos decorativos e esculturas de madeira encontrada na praia. Estes itens representam n\u00e3o apenas souvenirs, mas verdadeiras obras de arte que contam a hist\u00f3ria da comunidade pesqueira local.<\/span><\/p>\n<h2><b>Aventura em Terra e Mar: Para Acelerar os Batimentos Card\u00edacos<\/b><\/h2>\n<h3><b>Passeio de Barco \u00e0s Ilhas Itacolomi: Navegando em Busca de Golfinhos<\/b><\/h3>\n<p><span style=\"font-weight: 400;\">O <\/span><b>passeio \u00e0s Ilhas Itacolomi<\/b><span style=\"font-weight: 400;\"> transcende o conceito tradicional de turismo n\u00e1utico \u2013 \u00e9 uma expedi\u00e7\u00e3o em busca da vida marinha selvagem. Durante a navega\u00e7\u00e3o de aproximadamente 3 horas, as chances de avistar golfinhos-nariz-de-garrafa chegam a 85% (dados 2024), especialmente durante os meses de maio a setembro.<\/span><\/p>\n<p><b>Op\u00e7\u00f5es de Experi\u00eancia:<\/b><\/p>\n<ul>\n<li style=\"font-weight: 400;\" aria-level=\"1\"><b>Escuna Pirata (Fam\u00edlias):<\/b><span style=\"font-weight: 400;\"> Capacidade para 80 pessoas, com anima\u00e7\u00e3o tem\u00e1tica, bar completo e deck amplo para observa\u00e7\u00e3o. Valor: R$ 85-120 por adulto (2024).<\/span><\/li>\n<li style=\"font-weight: 400;\" aria-level=\"1\"><b>Lanchas R\u00e1pidas (Grupos Menores):<\/b><span style=\"font-weight: 400;\"> M\u00e1ximo 12 pessoas, navega\u00e7\u00e3o mais \u00e1gil e acesso a locais exclusivos. Valor: R$ 150-200 por pessoa (2024).<\/span><\/li>\n<\/ul>\n<p><b>Vista Exclusiva da Costa:<\/b><span style=\"font-weight: 400;\"> Durante o passeio, voc\u00ea ter\u00e1 uma perspectiva \u00fanica do litoral catarinense, observando a geografia costeira, forma\u00e7\u00f5es rochosas e a vegeta\u00e7\u00e3o nativa que n\u00e3o s\u00e3o vis\u00edveis da terra. As Ilhas Itacolomi, com sua rica biodiversidade marinha, servem como santu\u00e1rio natural para diversas esp\u00e9cies de aves marinhas.<\/span><\/p>\n<p>Saiba mais sobre as\u00a0<a href=\"https:\/\/blog.unolar.com.br\/blog\/informativo\/conheca-a-ilha-feia-e-as-ilhas-do-itacolomi\/\" target=\"_blank\" rel=\"noopener\"> Ilhas do Itacolomi<\/a> em nosso artigo sobre!<\/p>\n<p><img loading=\"lazy\" decoding=\"async\" class=\"alignnone wp-image-9985 size-large\" title=\"Foto Ilhas do Itacolomi\" src=\"https:\/\/blog.unolar.com.br\/media\/unolar\/2025\/12\/Rascunhos-Blog-10-1024x576.jpg\" alt=\"Foto Ilhas do Itacolomi\" width=\"1024\" height=\"576\" \/><\/p>\n<h3><b>Trilha do Morro do Quininho: Vista Panor\u00e2mica de 360 Graus<\/b><\/h3>\n<p><span style=\"font-weight: 400;\"><span dir=\"auto\" style=\"vertical-align: inherit;\"><span dir=\"auto\" style=\"vertical-align: inherit;\">A <\/span><\/span><\/span><b><span dir=\"auto\" style=\"vertical-align: inherit;\"><span dir=\"auto\" style=\"vertical-align: inherit;\">Trilha do Morro do Quininho <\/span><\/span><\/b><span style=\"font-weight: 400;\"><span dir=\"auto\" style=\"vertical-align: inherit;\"><span dir=\"auto\" style=\"vertical-align: inherit;\">oferece a recompensa mais espetacular de Pi\u00e7arras: uma vista panor\u00e2mica completa de 360 \u200b\u200bgraus que abrange de Barra Velha a Penha, incluindo o majestoso Beto Carrero World ao fundo.<\/span><\/span><\/span><\/p>\n<p><b>Especifica\u00e7\u00f5es T\u00e9cnicas:<\/b><\/p>\n<ul>\n<li style=\"font-weight: 400;\" aria-level=\"1\"><b>Dist\u00e2ncia:<\/b><span style=\"font-weight: 400;\"> 2,8 km (ida e volta)<\/span><\/li>\n<li style=\"font-weight: 400;\" aria-level=\"1\"><b>Desn\u00edvel:<\/b><span style=\"font-weight: 400;\"> 180 metros<\/span><\/li>\n<li style=\"font-weight: 400;\" aria-level=\"1\"><b>Dificuldade:<\/b><span style=\"font-weight: 400;\"> Moderada<\/span><\/li>\n<li style=\"font-weight: 400;\" aria-level=\"1\"><b>Tempo m\u00e9dio:<\/b><span style=\"font-weight: 400;\"> 1h30min (ida e volta)<\/span><\/li>\n<li style=\"font-weight: 400;\" aria-level=\"1\"><b>Funcionamento:<\/b><span style=\"font-weight: 400;\"> Ter\u00e7a a domingo, 8h \u00e0s 17h<\/span><\/li>\n<\/ul>\n<p><b>Dicas Pr\u00e1ticas Essenciais:<\/b><\/p>\n<ul>\n<li style=\"font-weight: 400;\" aria-level=\"1\"><b>Melhor hor\u00e1rio:<\/b><span style=\"font-weight: 400;\"> In\u00edcio da manh\u00e3 (7h-9h) ou fim de tarde (16h-17h30) para evitar o calor intenso e capturar a melhor ilumina\u00e7\u00e3o para fotos<\/span><\/li>\n<li style=\"font-weight: 400;\" aria-level=\"1\"><b>Equipamentos obrigat\u00f3rios:<\/b><span style=\"font-weight: 400;\"> \u00c1gua (m\u00ednimo 1 litro por pessoa), protetor solar, repelente e cal\u00e7ado com ader\u00eancia<\/span><\/li>\n<li style=\"font-weight: 400;\" aria-level=\"1\"><b><span dir=\"auto\" style=\"vertical-align: inherit;\"><span dir=\"auto\" style=\"vertical-align: inherit;\">\u00c9poca ideal: <\/span><\/span><\/b><span style=\"font-weight: 400;\"><span dir=\"auto\" style=\"vertical-align: inherit;\"><span dir=\"auto\" style=\"vertical-align: inherit;\">Abril a setembro, quando a visibilidade \u00e9 maior e as chuvas s\u00e3o menos frequentes<\/span><\/span><\/span><\/li>\n<\/ul>\n<p><b>Dica de Insider:<\/b><span style=\"font-weight: 400;\"> No topo, localize a &#8220;Pedra do Amor&#8221;, uma forma\u00e7\u00e3o rochosa natural que emoldura perfeitamente o p\u00f4r do sol. Este local tornou-se um dos pontos mais fotografados da regi\u00e3o, especialmente para pedidos de casamento e ensaios fotogr\u00e1ficos.<\/span><\/p>\n<h2><b>Sabores de Pi\u00e7arras: Um Roteiro Gastron\u00f4mico do Sofisticado ao P\u00e9 na Areia<\/b><\/h2>\n<h3><b>Frutos do Mar com Vista: Experi\u00eancias Gastron\u00f4micas Inesquec\u00edveis<\/b><\/h3>\n<p><span style=\"font-weight: 400;\">A gastronomia de Pi\u00e7arras vai muito al\u00e9m dos pratos tradicionais \u2013 \u00e9 uma experi\u00eancia sensorial completa onde o sabor se encontra com a paisagem. Os restaurantes da orla n\u00e3o apenas servem comida, mas criam mem\u00f3rias afetivas atrav\u00e9s da combina\u00e7\u00e3o perfeita entre culin\u00e1ria de qualidade e cen\u00e1rio paradis\u00edaco.<\/span><\/p>\n<p><b>Especialidades Locais Imperd\u00edveis:<\/b><\/p>\n<ul>\n<li style=\"font-weight: 400;\" aria-level=\"1\"><b>Sequ\u00eancia de Frutos do Mar:<\/b><span style=\"font-weight: 400;\"> Pratos que incluem camar\u00e3o, lula, polvo, peixe fresco e lagosta, servidos com acompanhamentos regionais. Pre\u00e7o m\u00e9dio: R$ 120-180 para duas pessoas (2024)<\/span><\/li>\n<li style=\"font-weight: 400;\" aria-level=\"1\"><b><span dir=\"auto\" style=\"vertical-align: inherit;\"><span dir=\"auto\" style=\"vertical-align: inherit;\">Peixe na Telha: <\/span><\/span><\/b><span style=\"font-weight: 400;\"><span dir=\"auto\" style=\"vertical-align: inherit;\"><span dir=\"auto\" style=\"vertical-align: inherit;\">Preparo tradicional onde o peixe \u00e9 assado em telha de barro com temperos locais, preservando todos os sabores naturais<\/span><\/span><\/span><\/li>\n<li style=\"font-weight: 400;\" aria-level=\"1\"><b>Caldeirada de Frutos do Mar:<\/b><span style=\"font-weight: 400;\"> Receita centen\u00e1ria passada entre gera\u00e7\u00f5es de pescadores, com ingredientes frescos capturados no mesmo dia<\/span><\/li>\n<\/ul>\n<h3><b>Achados do Centro: Tesouros Gastron\u00f4micos Escondidos<\/b><\/h3>\n<p><span style=\"font-weight: 400;\">O centro de Pi\u00e7arras esconde verdadeiras joias gastron\u00f4micas que fogem do roteiro tur\u00edstico tradicional. Estes estabelecimentos, frequentados principalmente pelos moradores locais, oferecem autenticidade e pre\u00e7os mais acess\u00edveis.<\/span><\/p>\n<p><b>Categorias de Experi\u00eancia:<\/b><\/p>\n<ul>\n<li style=\"font-weight: 400;\" aria-level=\"1\"><b><span dir=\"auto\" style=\"vertical-align: inherit;\"><span dir=\"auto\" style=\"vertical-align: inherit;\">Pizzarias Artesanais: <\/span><\/span><\/b><span style=\"font-weight: 400;\"><span dir=\"auto\" style=\"vertical-align: inherit;\"><span dir=\"auto\" style=\"vertical-align: inherit;\">Massa fermentada naturalmente por 48 horas, ingredientes regionais e fornos a lenha que d\u00e3o sabor \u00fanico<\/span><\/span><\/span><\/li>\n<li style=\"font-weight: 400;\" aria-level=\"1\"><b>Hamburguerias Gourmet:<\/b><span style=\"font-weight: 400;\"> Carne de produtores locais, p\u00e3es artesanais e combina\u00e7\u00f5es criativas com ingredientes do mar<\/span><\/li>\n<li style=\"font-weight: 400;\" aria-level=\"1\"><b>Caf\u00e9s Charmosos:<\/b><span style=\"font-weight: 400;\"> Gr\u00e3os especiais, ambiente acolhedor e vista para o movimento da cidade, perfeitos para o fim de tarde<\/span><\/li>\n<\/ul>\n<p><span style=\"font-weight: 400;\">Para uma lista mais detalhada dos melhores restaurantes da regi\u00e3o, confira nosso artigo dedicado aos <a href=\"https:\/\/blog.unolar.com.br\/blog\/picarras\/guia-os-10-melhores-restaurantes-em-balneario-picarras\/\" target=\"_blank\" rel=\"noopener\">melhores restaurantes de Balne\u00e1rio Pi\u00e7arras.<\/a><\/span><\/p>\n<p><img loading=\"lazy\" decoding=\"async\" class=\"alignnone wp-image-9922 size-large\" title=\"Foto Pra\u00e7a Rippa em Balne\u00e1rio Pi\u00e7arras\" src=\"https:\/\/blog.unolar.com.br\/media\/unolar\/2025\/11\/Rascunhos-Blog-10-1024x576.jpg\" alt=\"Foto Pra\u00e7a Rippa em Balne\u00e1rio Pi\u00e7arras\" width=\"1024\" height=\"576\" \/><\/p>\n<h3><b><span dir=\"auto\" style=\"vertical-align: inherit;\"><span dir=\"auto\" style=\"vertical-align: inherit;\">A Experi\u00eancia do Peixe Fresco: A Dica de Ouro<\/span><\/span><\/b><\/h3>\n<p><b><span dir=\"auto\" style=\"vertical-align: inherit;\"><span dir=\"auto\" style=\"vertical-align: inherit;\">Segredo Local: <\/span><\/span><\/b><span style=\"font-weight: 400;\"><span dir=\"auto\" style=\"vertical-align: inherit;\"><span dir=\"auto\" style=\"vertical-align: inherit;\">V\u00e1 at\u00e9 o <\/span><\/span><\/span><b><span dir=\"auto\" style=\"vertical-align: inherit;\"><span dir=\"auto\" style=\"vertical-align: inherit;\">Pontal Norte <\/span><\/span><\/b><span style=\"font-weight: 400;\"><span dir=\"auto\" style=\"vertical-align: inherit;\"><span dir=\"auto\" style=\"vertical-align: inherit;\">entre 6h e 7h da manh\u00e3 e converse diretamente com os pescadores que retornam da pescaria noturna. Eles n\u00e3o apenas indicar\u00e3o onde encontrar o peixe mais fresco do dia, mas tamb\u00e9m compartilhar\u00e3o hist\u00f3rias fascinantes sobre a vida no mar e t\u00e9cnicas de pesca tradicionais.<\/span><\/span><\/span><\/p>\n<p><span style=\"font-weight: 400;\">Esta experi\u00eancia aut\u00eantica conecta voc\u00ea diretamente com a cultura pesqueira local, oferecendo acesso a peixes que ainda n\u00e3o chegaram aos mercados e restaurantes. Muitos pescadores vendem diretamente aos turistas, garantindo frescor absoluto e pre\u00e7os justos.<\/span><\/p>\n<h2><b>Guia Noturno: O Que Fazer Quando o Sol se P\u00f5e em Pi\u00e7arras<\/b><\/h2>\n<p><span style=\"font-weight: 400;\">A vida noturna em Pi\u00e7arras possui uma personalidade \u00fanica \u2013 \u00e9 tranquila sem ser mon\u00f3tona, oferecendo op\u00e7\u00f5es que respeitam o ritmo natural de uma cidade litor\u00e2nea familiar, mas sem deixar de proporcionar momentos especiais e memor\u00e1veis.<\/span><\/p>\n<h3><b>Caminhada Noturna pelo Cal\u00e7ad\u00e3o: Serenidade Iluminada<\/b><\/h3>\n<p><span style=\"font-weight: 400;\">O <\/span><b>cal\u00e7ad\u00e3o da Praia Central<\/b><span style=\"font-weight: 400;\"> se transforma completamente ap\u00f3s o p\u00f4r do sol. Com ilumina\u00e7\u00e3o LED moderna instalada em 2023, o percurso de 2,5 km torna-se um convite \u00e0 contempla\u00e7\u00e3o e ao exerc\u00edcio leve. A brisa marinha noturna, com temperatura m\u00e9dia 3-5\u00b0C mais baixa que durante o dia, cria o ambiente perfeito para uma caminhada rom\u00e2ntica ou um momento de reflex\u00e3o pessoal.<\/span><\/p>\n<p><b>Pontos de Interesse Noturno:<\/b><\/p>\n<ul>\n<li style=\"font-weight: 400;\" aria-level=\"1\"><b>Deck Central Iluminado:<\/b><span style=\"font-weight: 400;\"> Vista privilegiada do mar sob as estrelas<\/span><\/li>\n<li style=\"font-weight: 400;\" aria-level=\"1\"><b>Gramado do Molhe:<\/b><span style=\"font-weight: 400;\"> Local ideal para observa\u00e7\u00e3o astron\u00f4mica (lua e constela\u00e7\u00f5es)<\/span><\/li>\n<li style=\"font-weight: 400;\" aria-level=\"1\"><b>Quiosques Noturnos:<\/b><span style=\"font-weight: 400;\"> Funcionam at\u00e9 23h durante a alta temporada, oferecendo bebidas geladas e petiscos<\/span><\/li>\n<\/ul>\n<h3><b>M\u00fasica ao Vivo e Entretenimento<\/b><\/h3>\n<p><span style=\"font-weight: 400;\">A <\/span><b>Avenida Nereu Ramos<\/b><span style=\"font-weight: 400;\"> concentra a maior parte da vida noturna local, com estabelecimentos que oferecem m\u00fasica ao vivo principalmente nos fins de semana. O estilo predominante inclui MPB, sertanejo ac\u00fastico e rock nacional, criando uma atmosfera descontra\u00edda e acolhedora.<\/span><\/p>\n<p><b>Programa\u00e7\u00e3o T\u00edpica (Alta Temporada):<\/b><\/p>\n<ul>\n<li style=\"font-weight: 400;\" aria-level=\"1\"><b>Quinta-feira:<\/b><span style=\"font-weight: 400;\"> Noite do chopp com m\u00fasica ac\u00fastica<\/span><\/li>\n<li style=\"font-weight: 400;\" aria-level=\"1\"><b>Sexta-feira:<\/b><span style=\"font-weight: 400;\"> Bandas locais e regionais<\/span><\/li>\n<li style=\"font-weight: 400;\" aria-level=\"1\"><b>S\u00e1bado:<\/b><span style=\"font-weight: 400;\"> Shows tem\u00e1ticos e DJs<\/span><\/li>\n<li style=\"font-weight: 400;\" aria-level=\"1\"><b>Domingo:<\/b><span style=\"font-weight: 400;\"> M\u00fasica instrumental e ambiente mais relaxado<\/span><\/li>\n<\/ul>\n<h3><b>Del\u00edcias Noturnas: Programas Leves e Saborosos<\/b><\/h3>\n<p><span style=\"font-weight: 400;\">Para quem prefere um programa noturno mais tranquilo, Pi\u00e7arras oferece op\u00e7\u00f5es gastron\u00f4micas especiais que funcionam at\u00e9 mais tarde:<\/span><\/p>\n<ul>\n<li style=\"font-weight: 400;\" aria-level=\"1\"><b>Sorveterias Artesanais:<\/b><span style=\"font-weight: 400;\"> Sabores \u00fanicos como &#8220;Brisa do Mar&#8221; (coco com castanha-do-par\u00e1) e &#8220;P\u00f4r do Sol&#8221; (manga com maracuj\u00e1)<\/span><\/li>\n<li style=\"font-weight: 400;\" aria-level=\"1\"><b>A\u00e7a\u00ed Gourmet:<\/b><span style=\"font-weight: 400;\"> Combina\u00e7\u00f5es criativas com frutas locais, granola artesanal e mel org\u00e2nico<\/span><\/li>\n<li style=\"font-weight: 400;\" aria-level=\"1\"><b>Food Trucks:<\/b><span style=\"font-weight: 400;\"> Op\u00e7\u00f5es variadas que se instalam na orla durante a alta temporada<\/span><\/li>\n<\/ul>\n<h2><b>Planejamento Inteligente: Sua Viagem a Pi\u00e7arras Sem Perrengues<\/b><\/h2>\n<h3><b>Melhor \u00c9poca: Analisando Cada Temporada<\/b><\/h3>\n<p><b>Alta Temporada (Dezembro a Mar\u00e7o):<\/b><\/p>\n<ul>\n<li style=\"font-weight: 400;\" aria-level=\"1\"><b>Vantagens:<\/b><span style=\"font-weight: 400;\"> Clima quente garantido (m\u00e9dia 28\u00b0C), todas as atra\u00e7\u00f5es funcionando, vida noturna mais agitada, eventos culturais<\/span><\/li>\n<li style=\"font-weight: 400;\" aria-level=\"1\"><b>Desvantagens:<\/b><span style=\"font-weight: 400;\"> Pre\u00e7os 40-60% mais altos, praias mais movimentadas, tr\u00e2nsito intenso nos fins de semana<\/span><\/li>\n<li style=\"font-weight: 400;\" aria-level=\"1\"><b>Perfil ideal:<\/b><span style=\"font-weight: 400;\"> Fam\u00edlias com crian\u00e7as em f\u00e9rias escolares, jovens em busca de agita\u00e7\u00e3o<\/span><\/li>\n<\/ul>\n<p><b>Baixa Temporada (Abril a Novembro):<\/b><\/p>\n<ul>\n<li style=\"font-weight: 400;\" aria-level=\"1\"><b>Vantagens:<\/b><span style=\"font-weight: 400;\"> Pre\u00e7os mais acess\u00edveis, tranquilidade absoluta, atendimento mais personalizado, clima ainda agrad\u00e1vel (m\u00e9dia 22\u00b0C)<\/span><\/li>\n<li style=\"font-weight: 400;\" aria-level=\"1\"><b>Desvantagens:<\/b><span style=\"font-weight: 400;\"> Alguns estabelecimentos com hor\u00e1rios reduzidos, menor variedade de eventos<\/span><\/li>\n<li style=\"font-weight: 400;\" aria-level=\"1\"><b>Perfil ideal:<\/b><span style=\"font-weight: 400;\"> Casais rom\u00e2nticos, aposentados, pessoas em busca de relaxamento<\/span><\/li>\n<\/ul>\n<p><b>Dica Estrat\u00e9gica:<\/b><span style=\"font-weight: 400;\"> Os meses de maio e setembro oferecem o melhor custo-benef\u00edcio, combinando pre\u00e7os baixos com clima agrad\u00e1vel e movimento moderado.<\/span><\/p>\n<h3><b>Locomo\u00e7\u00e3o: Liberdade de Movimento<\/b><\/h3>\n<p><span style=\"font-weight: 400;\">Pi\u00e7arras foi planejada pensando na mobilidade sustent\u00e1vel e na comodidade dos visitantes. A cidade \u00e9 surpreendentemente compacta e bem estruturada para diferentes tipos de locomo\u00e7\u00e3o.<\/span><\/p>\n<p><b>Deslocamento a P\u00e9:<\/b><\/p>\n<ul>\n<li style=\"font-weight: 400;\" aria-level=\"1\"><b>Viabilidade:<\/b><span style=\"font-weight: 400;\"> 90% das atra\u00e7\u00f5es principais est\u00e3o em um raio de 2 km<\/span><\/li>\n<li style=\"font-weight: 400;\" aria-level=\"1\"><b><span dir=\"auto\" style=\"vertical-align: inherit;\"><span dir=\"auto\" style=\"vertical-align: inherit;\">Tempo m\u00e9dio: <\/span><\/span><\/b><span style=\"font-weight: 400;\"><span dir=\"auto\" style=\"vertical-align: inherit;\"><span dir=\"auto\" style=\"vertical-align: inherit;\">Centro \u00e0 Praia Central (8 minutos), Praia Central \u00e0 Praia das Palmeiras (15 minutos)<\/span><\/span><\/span><\/li>\n<li style=\"font-weight: 400;\" aria-level=\"1\"><b>Infraestrutura:<\/b><span style=\"font-weight: 400;\"> Cal\u00e7adas amplas, sinaliza\u00e7\u00e3o clara, ilumina\u00e7\u00e3o adequada<\/span><\/li>\n<\/ul>\n<p><b>Ciclovia Integrada:<\/b><\/p>\n<ul>\n<li style=\"font-weight: 400;\" aria-level=\"1\"><b>Extens\u00e3o:<\/b><span style=\"font-weight: 400;\"> 12 km conectando todas as praias<\/span><\/li>\n<li style=\"font-weight: 400;\" aria-level=\"1\"><b>Aluguel de bicicletas:<\/b><span style=\"font-weight: 400;\"> R$ 25-40\/dia em diversos pontos da cidade<\/span><\/li>\n<li style=\"font-weight: 400;\" aria-level=\"1\"><b>Seguran\u00e7a:<\/b><span style=\"font-weight: 400;\"> Ciclovia separada do tr\u00e1fego de ve\u00edculos, com pontos de descanso a cada 500m<\/span><\/li>\n<\/ul>\n<p><b>Necessidade de Carro:<\/b><\/p>\n<ul>\n<li style=\"font-weight: 400;\" aria-level=\"1\"><b>Essencial para:<\/b><span style=\"font-weight: 400;\"> Trilha do Morro do Quininho, compras em supermercados, explora\u00e7\u00e3o de cidades vizinhas<\/span><\/li>\n<li style=\"font-weight: 400;\" aria-level=\"1\"><b>Dispens\u00e1vel para:<\/b><span style=\"font-weight: 400;\"> Praias, centro hist\u00f3rico, restaurantes da orla, vida noturna<\/span><\/li>\n<\/ul>\n<h3><b>Hospedagem: Op\u00e7\u00f5es para Todos os Perfis e Or\u00e7amentos<\/b><\/h3>\n<p><b>Hot\u00e9is de Frente para o Mar (Luxo e Conforto):<\/b><\/p>\n<ul>\n<li style=\"font-weight: 400;\" aria-level=\"1\"><b>Caracter\u00edsticas:<\/b><span style=\"font-weight: 400;\"> Vista oce\u00e2nica, piscinas, spa, restaurantes pr\u00f3prios<\/span><\/li>\n<li style=\"font-weight: 400;\" aria-level=\"1\"><b>Pre\u00e7o m\u00e9dio:<\/b><span style=\"font-weight: 400;\"> R$ 280-450\/di\u00e1ria (alta temporada), R$ 180-280\/di\u00e1ria (baixa temporada)<\/span><\/li>\n<li style=\"font-weight: 400;\" aria-level=\"1\"><b>Perfil ideal:<\/b><span style=\"font-weight: 400;\"> Casais em lua de mel, executivos, pessoas que valorizam comodidade<\/span><\/li>\n<\/ul>\n<p><b>Pousadas Acolhedoras (Charme e Autenticidade):<\/b><\/p>\n<ul>\n<li style=\"font-weight: 400;\" aria-level=\"1\"><b>Caracter\u00edsticas:<\/b><span style=\"font-weight: 400;\"> Atendimento personalizado, caf\u00e9 da manh\u00e3 regional, arquitetura local<\/span><\/li>\n<li style=\"font-weight: 400;\" aria-level=\"1\"><b>Pre\u00e7o m\u00e9dio:<\/b><span style=\"font-weight: 400;\"> R$ 150-250\/di\u00e1ria (alta temporada), R$ 100-180\/di\u00e1ria (baixa temporada)<\/span><\/li>\n<li style=\"font-weight: 400;\" aria-level=\"1\"><b>Perfil ideal:<\/b><span style=\"font-weight: 400;\"> Viajantes independentes, casais jovens, pessoas em busca de experi\u00eancias aut\u00eanticas<\/span><\/li>\n<\/ul>\n<p><b>Alugu\u00e9is de Temporada (Flexibilidade e Economia):<\/b><\/p>\n<ul>\n<li style=\"font-weight: 400;\" aria-level=\"1\"><b>Caracter\u00edsticas:<\/b><span style=\"font-weight: 400;\"> Cozinha equipada, m\u00faltiplos quartos, \u00e1rea de lazer privativa<\/span><\/li>\n<li style=\"font-weight: 400;\" aria-level=\"1\"><b>Pre\u00e7o m\u00e9dio:<\/b><span style=\"font-weight: 400;\"> R$ 200-400\/di\u00e1ria para casas (4-6 pessoas)<\/span><\/li>\n<li style=\"font-weight: 400;\" aria-level=\"1\"><b>Perfil ideal:<\/b> Fam\u00edlias grandes, grupos de amigos, estadias prolongadas<\/li>\n<\/ul>\n<p><span style=\"font-weight: 400;\"><img loading=\"lazy\" decoding=\"async\" class=\"aligncenter wp-image-9986 size-large\" src=\"https:\/\/blog.unolar.com.br\/media\/unolar\/2025\/12\/FRE_TER_Living-01_EF-1024x578.jpg\" alt=\"\" width=\"1024\" height=\"578\" srcset=\"https:\/\/blog.unolar.com.br\/wp-content\/uploads\/2025\/12\/FRE_TER_Living-01_EF-1024x578.jpg 1024w, https:\/\/blog.unolar.com.br\/wp-content\/uploads\/2025\/12\/FRE_TER_Living-01_EF-300x169.jpg 300w, https:\/\/blog.unolar.com.br\/wp-content\/uploads\/2025\/12\/FRE_TER_Living-01_EF-768x434.jpg 768w, https:\/\/blog.unolar.com.br\/wp-content\/uploads\/2025\/12\/FRE_TER_Living-01_EF-1536x867.jpg 1536w, https:\/\/blog.unolar.com.br\/wp-content\/uploads\/2025\/12\/FRE_TER_Living-01_EF.jpg 2000w\" sizes=\"auto, (max-width: 1024px) 100vw, 1024px\" \/><\/span><\/p>\n<h2><b>Perguntas Frequentes: Respostas Definitivas<\/b><\/h2>\n<h3><b>Balne\u00e1rio Pi\u00e7arras \u00e9 um bom destino para fam\u00edlias com crian\u00e7as?<\/b><\/h3>\n<p><b>Absolutamente sim.<\/b><span style=\"font-weight: 400;\"> Pi\u00e7arras foi praticamente desenhada para fam\u00edlias. A certifica\u00e7\u00e3o Bandeira Azul garante \u00e1guas limpas e seguras, enquanto a Praia das Palmeiras oferece ondas suaves ideais para crian\u00e7as. O Museu Oceanogr\u00e1fico Univali proporciona entretenimento educativo para dias de chuva, e a infraestrutura urbana (cal\u00e7adas amplas, ciclovia segura) facilita a locomo\u00e7\u00e3o com carrinhos de beb\u00ea. Dados de 2024 mostram que 70% dos visitantes de Pi\u00e7arras s\u00e3o fam\u00edlias com crian\u00e7as, confirmando sua voca\u00e7\u00e3o familiar.<\/span><\/p>\n<h3><b>Quais s\u00e3o as praias mais limpas e seguras?<\/b><\/h3>\n<p><span style=\"font-weight: 400;\">A <\/span><b>Praia Central<\/b><span style=\"font-weight: 400;\"> possui o selo Bandeira Azul, garantindo os mais altos padr\u00f5es internacionais de qualidade da \u00e1gua, seguran\u00e7a e gest\u00e3o ambiental. A <\/span><b>Praia das Palmeiras<\/b><span style=\"font-weight: 400;\"> tamb\u00e9m mant\u00e9m excelentes \u00edndices de balneabilidade (95% do tempo classificada como &#8220;excelente&#8221; pelo IMA-SC em 2024). Ambas contam com salva-vidas durante a alta temporada e possuem pontos de apoio m\u00e9dico a menos de 500 metros.<\/span><\/p>\n<h3><b>Preciso de carro para conhecer a cidade?<\/b><\/h3>\n<p><b>N\u00e3o necessariamente.<\/b><span style=\"font-weight: 400;\"> Pi\u00e7arras \u00e9 uma das cidades mais &#8220;walkable&#8221; do litoral catarinense. A dist\u00e2ncia m\u00e1xima entre as principais atra\u00e7\u00f5es \u00e9 de 2,5 km, facilmente percorrida a p\u00e9 ou de bicicleta pela ciclovia. O carro torna-se \u00fatil apenas para a Trilha do Morro do Quininho, compras em grandes supermercados ou explora\u00e7\u00e3o de cidades vizinhas como Penha e Barra Velha.<\/span><\/p>\n<h3><b>O que fazer em Pi\u00e7arras em um dia de chuva?<\/b><\/h3>\n<p><span style=\"font-weight: 400;\">O <\/span><b>Museu Oceanogr\u00e1fico Univali<\/b><span style=\"font-weight: 400;\"> \u00e9 a principal atra\u00e7\u00e3o para dias chuvosos, oferecendo 2-3 horas de entretenimento educativo. Alternativamente, explore o centro hist\u00f3rico coberto, visite a Par\u00f3quia Nossa Senhora da Paz, desfrute de um almo\u00e7o prolongado em restaurante com vista para o mar, ou aproveite para fazer compras de artesanato local. Muitos hot\u00e9is e pousadas tamb\u00e9m oferecem \u00e1reas de lazer cobertas.<\/span><\/p>\n<h3><b>Al\u00e9m das praias, quais s\u00e3o as principais atra\u00e7\u00f5es culturais?<\/b><\/h3>\n<p><span style=\"font-weight: 400;\">O <\/span><b>Museu Oceanogr\u00e1fico Univali<\/b><span style=\"font-weight: 400;\"> lidera as atra\u00e7\u00f5es culturais, seguido pela <\/span><b>Par\u00f3quia Nossa Senhora da Paz<\/b><span style=\"font-weight: 400;\"> e seu patrim\u00f4nio arquitet\u00f4nico. O <\/span><b>artesanato local<\/b><span style=\"font-weight: 400;\"> (redes de pesca, objetos de conchas, esculturas marinhas) representa uma express\u00e3o cultural aut\u00eantica. Durante junho, as <\/span><b>festividades religiosas<\/b><span style=\"font-weight: 400;\"> oferecem imers\u00e3o na cultura local com prociss\u00f5es mar\u00edtimas e gastronomia tradicional.<\/span><\/p>\n<h3><b>A vida noturna em Pi\u00e7arras \u00e9 agitada?<\/b><\/h3>\n<p><span style=\"font-weight: 400;\">A vida noturna de Pi\u00e7arras \u00e9 <\/span><b>tranquila e familiar<\/b><span style=\"font-weight: 400;\">, n\u00e3o agitada no sentido de grandes baladas. O foco est\u00e1 em bares com m\u00fasica ao vivo, caminhadas noturnas pelo cal\u00e7ad\u00e3o iluminado e experi\u00eancias gastron\u00f4micas relaxantes. Para quem busca agita\u00e7\u00e3o intensa, Balne\u00e1rio Cambori\u00fa (45 km) oferece op\u00e7\u00f5es mais movimentadas, sendo facilmente acess\u00edvel para um bate-volta noturno.<\/span><\/p>\n<h3><b>Qual a melhor praia para quem gosta de tranquilidade?<\/b><\/h3>\n<p><span style=\"font-weight: 400;\">A <\/span><b>Praia das Palmeiras<\/b><span style=\"font-weight: 400;\"> \u00e9 reconhecida como a mais tranquila, especialmente durante a semana e na baixa temporada. Suas \u00e1guas calmas, menor movimento de pessoas e proximidade com a natureza (Foz do Rio Pi\u00e7arras) criam um ambiente de serenidade absoluta. Para tranquilidade extrema, a <\/span><b>Praia Ponta do Jacques<\/b><span style=\"font-weight: 400;\"> oferece isolamento quase completo, frequentada principalmente por pescadores e surfistas experientes.<\/span><\/p>\n<h3><b>Vale a pena fazer o passeio de barco para as Ilhas Itacolomi?<\/b><\/h3>\n<p><b>Definitivamente sim.<\/b><span style=\"font-weight: 400;\"> Com 85% de chance de avistar golfinhos e vista exclusiva da costa catarinense, o passeio oferece uma perspectiva \u00fanica da regi\u00e3o que n\u00e3o pode ser obtida de terra. O investimento de R$ 85-200 por pessoa (dependendo da embarca\u00e7\u00e3o) proporciona 3 horas de experi\u00eancia inesquec\u00edvel, incluindo poss\u00edvel observa\u00e7\u00e3o de baleias durante os meses de inverno (julho-setembro).<\/span><\/p>\n<h2><b>\u00a0Pi\u00e7arras Al\u00e9m das Expectativas<\/b><\/h2>\n<p><span style=\"font-weight: 400;\">Balne\u00e1rio Pi\u00e7arras revela-se muito mais que um destino de praia \u2013 \u00e9 um convite \u00e0 descoberta de experi\u00eancias aut\u00eanticas que combinam natureza preservada, cultura local e infraestrutura moderna. Com sua certifica\u00e7\u00e3o Bandeira Azul, a cidade garante n\u00e3o apenas beleza natural, mas qualidade e seguran\u00e7a que transformam cada momento em mem\u00f3ria duradoura.<\/span><\/p>\n<p><span style=\"font-weight: 400;\">Seja explorando as \u00e1guas tranquilas da Praia das Palmeiras com a fam\u00edlia, aventurando-se na trilha do Morro do Quininho em busca de vistas panor\u00e2micas, ou mergulhando no conhecimento do Museu Oceanogr\u00e1fico Univali, Pi\u00e7arras oferece experi\u00eancias que atendem a todos os perfis de viajantes.<\/span><\/p>\n<p><span style=\"font-weight: 400;\">A cidade cresce de forma sustent\u00e1vel, preservando sua ess\u00eancia acolhedora enquanto desenvolve infraestrutura que facilita e enriquece a experi\u00eancia do visitante. Com op\u00e7\u00f5es de hospedagem para todos os or\u00e7amentos, gastronomia que vai do sofisticado ao p\u00e9 na areia, e atividades que equilibram aventura e tranquilidade, Pi\u00e7arras consolida-se como um dos destinos mais completos do litoral catarinense.<\/span><\/p>\n<p><b>Prepare-se para descobrir que Pi\u00e7arras n\u00e3o \u00e9 apenas um lugar para visitar \u2013 \u00e9 um destino para se apaixonar.<\/b><\/p>\n","protected":false},"excerpt":{"rendered":"<p>Balne\u00e1rio Pi\u00e7arras n\u00e3o \u00e9 apenas mais um destino de praia no litoral catarinense \u2013 \u00e9 uma experi\u00eancia completa que desafia as expectativas. Enquanto muitos buscam apenas sol e mar, esta cidade revela-se um verdadeiro laborat\u00f3rio de experi\u00eancias que equilibra perfeitamente tranquilidade familiar, riqueza cultural e aventuras emocionantes. Com a prestigiosa certifica\u00e7\u00e3o Bandeira Azul, Pi\u00e7arras n\u00e3o [&hellip;]<\/p>\n","protected":false},"author":2,"featured_media":9988,"comment_status":"closed","ping_status":"open","sticky":false,"template":"","format":"standard","meta":{"footnotes":""},"categories":[29,20],"tags":[27,2,37,15,4,5,6,7],"class_list":["post-9982","post","type-post","status-publish","format-standard","has-post-thumbnail","hentry","category-informativo","category-picarras","tag-shortstay","tag-balneabilidade","tag-ilhas-do-itacolomi","tag-imoveis","tag-investimentos-imobiliarios","tag-picarras","tag-rentabilidade","tag-selo-bandeira-azul"],"yoast_head":"<!-- This site is optimized with the Yoast SEO plugin v27.5 - https:\/\/yoast.com\/product\/yoast-seo-wordpress\/ -->\n<title>O que fazer em Balne\u00e1rio Pi\u00e7arras? - Blog Unolar Im\u00f3veis<\/title>\n<meta name=\"description\" content=\"Descubra o que fazer em Pi\u00e7arras: praias Bandeira Azul, Museu Oceanogr\u00e1fico, trilhas, gastronomia e dicas exclusivas para sua viagem perfeita.\" \/>\n<meta name=\"robots\" content=\"noindex, follow, max-snippet:-1, max-image-preview:large, max-video-preview:-1\" \/>\n<meta property=\"og:locale\" content=\"pt_BR\" \/>\n<meta property=\"og:type\" content=\"article\" \/>\n<meta property=\"og:title\" content=\"O que fazer em Balne\u00e1rio Pi\u00e7arras? - Blog Unolar Im\u00f3veis\" \/>\n<meta property=\"og:description\" content=\"Descubra o que fazer em Pi\u00e7arras: praias Bandeira Azul, Museu Oceanogr\u00e1fico, trilhas, gastronomia e dicas exclusivas para sua viagem perfeita.\" \/>\n<meta property=\"og:url\" content=\"https:\/\/blog.unolar.com.br\/?p=9982\" \/>\n<meta property=\"og:site_name\" content=\"Blog Unolar Im\u00f3veis\" \/>\n<meta property=\"article:publisher\" content=\"https:\/\/www.facebook.com\/UnolarImoveis\/\" \/>\n<meta property=\"article:published_time\" content=\"2025-12-03T21:00:59+00:00\" \/>\n<meta property=\"og:image\" content=\"https:\/\/blog.unolar.com.br\/wp-content\/uploads\/2025\/12\/Rascunhos-Blog-11-scaled-1.jpg\" \/>\n\t<meta property=\"og:image:width\" content=\"2560\" \/>\n\t<meta property=\"og:image:height\" content=\"1440\" \/>\n\t<meta property=\"og:image:type\" content=\"image\/jpeg\" \/>\n<meta name=\"author\" content=\"Thiago Cardoso\" \/>\n<meta name=\"twitter:card\" content=\"summary_large_image\" \/>\n<meta name=\"twitter:label1\" content=\"Escrito por\" \/>\n\t<meta name=\"twitter:data1\" content=\"Thiago Cardoso\" \/>\n\t<meta name=\"twitter:label2\" content=\"Est. tempo de leitura\" \/>\n\t<meta name=\"twitter:data2\" content=\"19 minutos\" \/>\n<script type=\"application\/ld+json\" class=\"yoast-schema-graph\">{\"@context\":\"https:\\\/\\\/schema.org\",\"@graph\":[{\"@type\":\"Article\",\"@id\":\"https:\\\/\\\/blog.unolar.com.br\\\/?p=9982#article\",\"isPartOf\":{\"@id\":\"https:\\\/\\\/blog.unolar.com.br\\\/?p=9982\"},\"author\":{\"name\":\"Thiago Cardoso\",\"@id\":\"https:\\\/\\\/blog.unolar.com.br\\\/#\\\/schema\\\/person\\\/bf49a80aaec5a67823f2e2289c091f0b\"},\"headline\":\"O que fazer em Balne\u00e1rio Pi\u00e7arras?\",\"datePublished\":\"2025-12-03T21:00:59+00:00\",\"mainEntityOfPage\":{\"@id\":\"https:\\\/\\\/blog.unolar.com.br\\\/?p=9982\"},\"wordCount\":3826,\"publisher\":{\"@id\":\"https:\\\/\\\/blog.unolar.com.br\\\/#organization\"},\"image\":{\"@id\":\"https:\\\/\\\/blog.unolar.com.br\\\/?p=9982#primaryimage\"},\"thumbnailUrl\":\"https:\\\/\\\/blog.unolar.com.br\\\/wp-content\\\/uploads\\\/2025\\\/12\\\/Rascunhos-Blog-11-scaled-1.jpg\",\"keywords\":[\"#shortstay\",\"balneabilidade\",\"ilhas do itacolomi\",\"imoveis\",\"investimentos imobiliarios\",\"pi\u00e7arras\",\"rentabilidade\",\"selo bandeira azul\"],\"articleSection\":[\"Informativo\",\"Pi\u00e7arras\"],\"inLanguage\":\"pt-BR\"},{\"@type\":\"WebPage\",\"@id\":\"https:\\\/\\\/blog.unolar.com.br\\\/?p=9982\",\"url\":\"https:\\\/\\\/blog.unolar.com.br\\\/?p=9982\",\"name\":\"O que fazer em Balne\u00e1rio Pi\u00e7arras? - Blog Unolar Im\u00f3veis\",\"isPartOf\":{\"@id\":\"https:\\\/\\\/blog.unolar.com.br\\\/#website\"},\"primaryImageOfPage\":{\"@id\":\"https:\\\/\\\/blog.unolar.com.br\\\/?p=9982#primaryimage\"},\"image\":{\"@id\":\"https:\\\/\\\/blog.unolar.com.br\\\/?p=9982#primaryimage\"},\"thumbnailUrl\":\"https:\\\/\\\/blog.unolar.com.br\\\/wp-content\\\/uploads\\\/2025\\\/12\\\/Rascunhos-Blog-11-scaled-1.jpg\",\"datePublished\":\"2025-12-03T21:00:59+00:00\",\"description\":\"Descubra o que fazer em Pi\u00e7arras: praias Bandeira Azul, Museu Oceanogr\u00e1fico, trilhas, gastronomia e dicas exclusivas para sua viagem perfeita.\",\"breadcrumb\":{\"@id\":\"https:\\\/\\\/blog.unolar.com.br\\\/?p=9982#breadcrumb\"},\"inLanguage\":\"pt-BR\",\"potentialAction\":[{\"@type\":\"ReadAction\",\"target\":[\"https:\\\/\\\/blog.unolar.com.br\\\/?p=9982\"]}]},{\"@type\":\"ImageObject\",\"inLanguage\":\"pt-BR\",\"@id\":\"https:\\\/\\\/blog.unolar.com.br\\\/?p=9982#primaryimage\",\"url\":\"https:\\\/\\\/blog.unolar.com.br\\\/wp-content\\\/uploads\\\/2025\\\/12\\\/Rascunhos-Blog-11-scaled-1.jpg\",\"contentUrl\":\"https:\\\/\\\/blog.unolar.com.br\\\/wp-content\\\/uploads\\\/2025\\\/12\\\/Rascunhos-Blog-11-scaled-1.jpg\",\"width\":2560,\"height\":1440},{\"@type\":\"BreadcrumbList\",\"@id\":\"https:\\\/\\\/blog.unolar.com.br\\\/?p=9982#breadcrumb\",\"itemListElement\":[{\"@type\":\"ListItem\",\"position\":1,\"name\":\"In\u00edcio\",\"item\":\"https:\\\/\\\/blog.unolar.com.br\\\/\"},{\"@type\":\"ListItem\",\"position\":2,\"name\":\"O que fazer em Balne\u00e1rio Pi\u00e7arras?\"}]},{\"@type\":\"WebSite\",\"@id\":\"https:\\\/\\\/blog.unolar.com.br\\\/#website\",\"url\":\"https:\\\/\\\/blog.unolar.com.br\\\/\",\"name\":\"Blog Unolar Im\u00f3veis\",\"description\":\"\",\"publisher\":{\"@id\":\"https:\\\/\\\/blog.unolar.com.br\\\/#organization\"},\"potentialAction\":[{\"@type\":\"SearchAction\",\"target\":{\"@type\":\"EntryPoint\",\"urlTemplate\":\"https:\\\/\\\/blog.unolar.com.br\\\/?s={search_term_string}\"},\"query-input\":{\"@type\":\"PropertyValueSpecification\",\"valueRequired\":true,\"valueName\":\"search_term_string\"}}],\"inLanguage\":\"pt-BR\"},{\"@type\":\"Organization\",\"@id\":\"https:\\\/\\\/blog.unolar.com.br\\\/#organization\",\"name\":\"Blog Unolar Im\u00f3veis\",\"url\":\"https:\\\/\\\/blog.unolar.com.br\\\/\",\"logo\":{\"@type\":\"ImageObject\",\"inLanguage\":\"pt-BR\",\"@id\":\"https:\\\/\\\/blog.unolar.com.br\\\/#\\\/schema\\\/logo\\\/image\\\/\",\"url\":\"https:\\\/\\\/blog.unolar.com.br\\\/wp-content\\\/uploads\\\/2026\\\/04\\\/Icone-1.png\",\"contentUrl\":\"https:\\\/\\\/blog.unolar.com.br\\\/wp-content\\\/uploads\\\/2026\\\/04\\\/Icone-1.png\",\"width\":1001,\"height\":1001,\"caption\":\"Blog Unolar Im\u00f3veis\"},\"image\":{\"@id\":\"https:\\\/\\\/blog.unolar.com.br\\\/#\\\/schema\\\/logo\\\/image\\\/\"},\"sameAs\":[\"https:\\\/\\\/www.facebook.com\\\/UnolarImoveis\\\/\",\"https:\\\/\\\/www.instagram.com\\\/unolarimoveis\"]},{\"@type\":\"Person\",\"@id\":\"https:\\\/\\\/blog.unolar.com.br\\\/#\\\/schema\\\/person\\\/bf49a80aaec5a67823f2e2289c091f0b\",\"name\":\"Thiago Cardoso\",\"image\":{\"@type\":\"ImageObject\",\"inLanguage\":\"pt-BR\",\"@id\":\"https:\\\/\\\/secure.gravatar.com\\\/avatar\\\/1842d6c0841ac911719ccca153f7aa284b806975c71a770831acd69509733002?s=96&d=mm&r=g\",\"url\":\"https:\\\/\\\/secure.gravatar.com\\\/avatar\\\/1842d6c0841ac911719ccca153f7aa284b806975c71a770831acd69509733002?s=96&d=mm&r=g\",\"contentUrl\":\"https:\\\/\\\/secure.gravatar.com\\\/avatar\\\/1842d6c0841ac911719ccca153f7aa284b806975c71a770831acd69509733002?s=96&d=mm&r=g\",\"caption\":\"Thiago Cardoso\"},\"sameAs\":[\"http:\\\/\\\/unolar.com.br\"],\"url\":\"https:\\\/\\\/blog.unolar.com.br\\\/?author=2\"}]}<\/script>\n<!-- \/ Yoast SEO plugin. -->","yoast_head_json":{"title":"O que fazer em Balne\u00e1rio Pi\u00e7arras? - Blog Unolar Im\u00f3veis","description":"Descubra o que fazer em Pi\u00e7arras: praias Bandeira Azul, Museu Oceanogr\u00e1fico, trilhas, gastronomia e dicas exclusivas para sua viagem perfeita.","robots":{"index":"noindex","follow":"follow","max-snippet":"max-snippet:-1","max-image-preview":"max-image-preview:large","max-video-preview":"max-video-preview:-1"},"og_locale":"pt_BR","og_type":"article","og_title":"O que fazer em Balne\u00e1rio Pi\u00e7arras? - Blog Unolar Im\u00f3veis","og_description":"Descubra o que fazer em Pi\u00e7arras: praias Bandeira Azul, Museu Oceanogr\u00e1fico, trilhas, gastronomia e dicas exclusivas para sua viagem perfeita.","og_url":"https:\/\/blog.unolar.com.br\/?p=9982","og_site_name":"Blog Unolar Im\u00f3veis","article_publisher":"https:\/\/www.facebook.com\/UnolarImoveis\/","article_published_time":"2025-12-03T21:00:59+00:00","og_image":[{"width":2560,"height":1440,"url":"https:\/\/blog.unolar.com.br\/wp-content\/uploads\/2025\/12\/Rascunhos-Blog-11-scaled-1.jpg","type":"image\/jpeg"}],"author":"Thiago Cardoso","twitter_card":"summary_large_image","twitter_misc":{"Escrito por":"Thiago Cardoso","Est. tempo de leitura":"19 minutos"},"schema":{"@context":"https:\/\/schema.org","@graph":[{"@type":"Article","@id":"https:\/\/blog.unolar.com.br\/?p=9982#article","isPartOf":{"@id":"https:\/\/blog.unolar.com.br\/?p=9982"},"author":{"name":"Thiago Cardoso","@id":"https:\/\/blog.unolar.com.br\/#\/schema\/person\/bf49a80aaec5a67823f2e2289c091f0b"},"headline":"O que fazer em Balne\u00e1rio Pi\u00e7arras?","datePublished":"2025-12-03T21:00:59+00:00","mainEntityOfPage":{"@id":"https:\/\/blog.unolar.com.br\/?p=9982"},"wordCount":3826,"publisher":{"@id":"https:\/\/blog.unolar.com.br\/#organization"},"image":{"@id":"https:\/\/blog.unolar.com.br\/?p=9982#primaryimage"},"thumbnailUrl":"https:\/\/blog.unolar.com.br\/wp-content\/uploads\/2025\/12\/Rascunhos-Blog-11-scaled-1.jpg","keywords":["#shortstay","balneabilidade","ilhas do itacolomi","imoveis","investimentos imobiliarios","pi\u00e7arras","rentabilidade","selo bandeira azul"],"articleSection":["Informativo","Pi\u00e7arras"],"inLanguage":"pt-BR"},{"@type":"WebPage","@id":"https:\/\/blog.unolar.com.br\/?p=9982","url":"https:\/\/blog.unolar.com.br\/?p=9982","name":"O que fazer em Balne\u00e1rio Pi\u00e7arras? - Blog Unolar Im\u00f3veis","isPartOf":{"@id":"https:\/\/blog.unolar.com.br\/#website"},"primaryImageOfPage":{"@id":"https:\/\/blog.unolar.com.br\/?p=9982#primaryimage"},"image":{"@id":"https:\/\/blog.unolar.com.br\/?p=9982#primaryimage"},"thumbnailUrl":"https:\/\/blog.unolar.com.br\/wp-content\/uploads\/2025\/12\/Rascunhos-Blog-11-scaled-1.jpg","datePublished":"2025-12-03T21:00:59+00:00","description":"Descubra o que fazer em Pi\u00e7arras: praias Bandeira Azul, Museu Oceanogr\u00e1fico, trilhas, gastronomia e dicas exclusivas para sua viagem perfeita.","breadcrumb":{"@id":"https:\/\/blog.unolar.com.br\/?p=9982#breadcrumb"},"inLanguage":"pt-BR","potentialAction":[{"@type":"ReadAction","target":["https:\/\/blog.unolar.com.br\/?p=9982"]}]},{"@type":"ImageObject","inLanguage":"pt-BR","@id":"https:\/\/blog.unolar.com.br\/?p=9982#primaryimage","url":"https:\/\/blog.unolar.com.br\/wp-content\/uploads\/2025\/12\/Rascunhos-Blog-11-scaled-1.jpg","contentUrl":"https:\/\/blog.unolar.com.br\/wp-content\/uploads\/2025\/12\/Rascunhos-Blog-11-scaled-1.jpg","width":2560,"height":1440},{"@type":"BreadcrumbList","@id":"https:\/\/blog.unolar.com.br\/?p=9982#breadcrumb","itemListElement":[{"@type":"ListItem","position":1,"name":"In\u00edcio","item":"https:\/\/blog.unolar.com.br\/"},{"@type":"ListItem","position":2,"name":"O que fazer em Balne\u00e1rio Pi\u00e7arras?"}]},{"@type":"WebSite","@id":"https:\/\/blog.unolar.com.br\/#website","url":"https:\/\/blog.unolar.com.br\/","name":"Blog Unolar Im\u00f3veis","description":"","publisher":{"@id":"https:\/\/blog.unolar.com.br\/#organization"},"potentialAction":[{"@type":"SearchAction","target":{"@type":"EntryPoint","urlTemplate":"https:\/\/blog.unolar.com.br\/?s={search_term_string}"},"query-input":{"@type":"PropertyValueSpecification","valueRequired":true,"valueName":"search_term_string"}}],"inLanguage":"pt-BR"},{"@type":"Organization","@id":"https:\/\/blog.unolar.com.br\/#organization","name":"Blog Unolar Im\u00f3veis","url":"https:\/\/blog.unolar.com.br\/","logo":{"@type":"ImageObject","inLanguage":"pt-BR","@id":"https:\/\/blog.unolar.com.br\/#\/schema\/logo\/image\/","url":"https:\/\/blog.unolar.com.br\/wp-content\/uploads\/2026\/04\/Icone-1.png","contentUrl":"https:\/\/blog.unolar.com.br\/wp-content\/uploads\/2026\/04\/Icone-1.png","width":1001,"height":1001,"caption":"Blog Unolar Im\u00f3veis"},"image":{"@id":"https:\/\/blog.unolar.com.br\/#\/schema\/logo\/image\/"},"sameAs":["https:\/\/www.facebook.com\/UnolarImoveis\/","https:\/\/www.instagram.com\/unolarimoveis"]},{"@type":"Person","@id":"https:\/\/blog.unolar.com.br\/#\/schema\/person\/bf49a80aaec5a67823f2e2289c091f0b","name":"Thiago Cardoso","image":{"@type":"ImageObject","inLanguage":"pt-BR","@id":"https:\/\/secure.gravatar.com\/avatar\/1842d6c0841ac911719ccca153f7aa284b806975c71a770831acd69509733002?s=96&d=mm&r=g","url":"https:\/\/secure.gravatar.com\/avatar\/1842d6c0841ac911719ccca153f7aa284b806975c71a770831acd69509733002?s=96&d=mm&r=g","contentUrl":"https:\/\/secure.gravatar.com\/avatar\/1842d6c0841ac911719ccca153f7aa284b806975c71a770831acd69509733002?s=96&d=mm&r=g","caption":"Thiago Cardoso"},"sameAs":["http:\/\/unolar.com.br"],"url":"https:\/\/blog.unolar.com.br\/?author=2"}]}},"_links":{"self":[{"href":"https:\/\/blog.unolar.com.br\/index.php?rest_route=\/wp\/v2\/posts\/9982","targetHints":{"allow":["GET"]}}],"collection":[{"href":"https:\/\/blog.unolar.com.br\/index.php?rest_route=\/wp\/v2\/posts"}],"about":[{"href":"https:\/\/blog.unolar.com.br\/index.php?rest_route=\/wp\/v2\/types\/post"}],"author":[{"embeddable":true,"href":"https:\/\/blog.unolar.com.br\/index.php?rest_route=\/wp\/v2\/users\/2"}],"replies":[{"embeddable":true,"href":"https:\/\/blog.unolar.com.br\/index.php?rest_route=%2Fwp%2Fv2%2Fcomments&post=9982"}],"version-history":[{"count":0,"href":"https:\/\/blog.unolar.com.br\/index.php?rest_route=\/wp\/v2\/posts\/9982\/revisions"}],"wp:featuredmedia":[{"embeddable":true,"href":"https:\/\/blog.unolar.com.br\/index.php?rest_route=\/wp\/v2\/media\/9988"}],"wp:attachment":[{"href":"https:\/\/blog.unolar.com.br\/index.php?rest_route=%2Fwp%2Fv2%2Fmedia&parent=9982"}],"wp:term":[{"taxonomy":"category","embeddable":true,"href":"https:\/\/blog.unolar.com.br\/index.php?rest_route=%2Fwp%2Fv2%2Fcategories&post=9982"},{"taxonomy":"post_tag","embeddable":true,"href":"https:\/\/blog.unolar.com.br\/index.php?rest_route=%2Fwp%2Fv2%2Ftags&post=9982"}],"curies":[{"name":"wp","href":"https:\/\/api.w.org\/{rel}","templated":true}]}}