{"id":9915,"date":"2025-11-25T18:39:21","date_gmt":"2025-11-25T21:39:21","guid":{"rendered":"https:\/\/unolar.com.br\/?p=9915"},"modified":"2025-11-25T18:39:21","modified_gmt":"2025-11-25T21:39:21","slug":"guia-os-10-melhores-restaurantes-em-balneario-picarras","status":"publish","type":"post","link":"https:\/\/blog.unolar.com.br\/?p=9915","title":{"rendered":"Guia: Os 10 Melhores Restaurantes em Balne\u00e1rio Pi\u00e7arras"},"content":{"rendered":"<div class=\"hide-scrollbar markdown prose relative w-full max-w-none overflow-x-scroll break-words text-base leading-7 first:mt-0 prose-headings:first:mt-0 prose-strong:font-bold prose-thead:font-bold light:text-[#3E4247] dark:text-[#EBEBEB] prose-headings:light:text-[#3E4247]\">\n<div>\n<div>\n<p class=\"mb-3 mt-0\" data-copy-text=\"true\">Balne\u00e1rio Pi\u00e7arras \u00e9 um destino encantador que oferece n\u00e3o apenas praias deslumbrantes, mas tamb\u00e9m uma rica variedade gastron\u00f4mica que conquista moradores e visitantes. A cidade abriga diversos restaurantes que atendem a todos os gostos e ocasi\u00f5es, desde o tradicional &#8220;p\u00e9 na areia&#8221; at\u00e9 experi\u00eancias culin\u00e1rias sofisticadas.<\/p>\n<\/div>\n<\/div>\n<\/div>\n<div class=\"hide-scrollbar markdown prose relative w-full max-w-none overflow-x-scroll break-words text-base leading-7 first:mt-0 prose-headings:first:mt-0 prose-strong:font-bold prose-thead:font-bold light:text-[#3E4247] dark:text-[#EBEBEB] prose-headings:light:text-[#3E4247]\">\n<div>\n<div>\n<p class=\"mb-3 mt-0\" data-copy-text=\"true\">Reconhecida pela Bandeira Azul e pela valoriza\u00e7\u00e3o imobili\u00e1ria, Balne\u00e1rio Pi\u00e7arras se consolida como um destino completo, onde a qualidade de vida se reflete tamb\u00e9m na excelente oferta gastron\u00f4mica. A seguir, apresentamos um guia pr\u00e1tico com algumas das melhores op\u00e7\u00f5es para voc\u00ea explorar os sabores \u00fanicos desta cidade litor\u00e2nea de Santa Catarina.<\/p>\n<\/div>\n<\/div>\n<\/div>\n<div class=\"hide-scrollbar markdown prose relative w-full max-w-none overflow-x-scroll break-words text-base leading-7 first:mt-0 prose-headings:first:mt-0 prose-strong:font-bold prose-thead:font-bold light:text-[#3E4247] dark:text-[#EBEBEB] prose-headings:light:text-[#3E4247]\">\n<div>\n<div>\n<h2 class=\"mb-2 mt-4 text-[1.5rem]\/[2.25rem] font-bold\">Guia Completo dos Melhores Restaurantes em Balne\u00e1rio Pi\u00e7arras<\/h2>\n<\/div>\n<\/div>\n<\/div>\n<div class=\"hide-scrollbar markdown prose relative w-full max-w-none overflow-x-scroll break-words text-base leading-7 first:mt-0 prose-headings:first:mt-0 prose-strong:font-bold prose-thead:font-bold light:text-[#3E4247] dark:text-[#EBEBEB] prose-headings:light:text-[#3E4247]\">\n<div>\n<div>\n<h3 class=\"mb-2 mt-4 text-[1.25rem]\/[2rem] font-bold\"><strong>Restaurante do Capit\u00e3o<\/strong> \ud83e\udd90<\/h3>\n<\/div>\n<\/div>\n<\/div>\n<div class=\"hide-scrollbar markdown prose relative w-full max-w-none overflow-x-scroll break-words text-base leading-7 first:mt-0 prose-headings:first:mt-0 prose-strong:font-bold prose-thead:font-bold light:text-[#3E4247] dark:text-[#EBEBEB] prose-headings:light:text-[#3E4247]\">\n<div>\n<div>\n<p class=\"mb-3 mt-0\" data-copy-text=\"true\">O Restaurante do Capit\u00e3o oferece a aut\u00eantica experi\u00eancia gastron\u00f4mica a\u00e7oriana que marca a ess\u00eancia do litoral catarinense. Cada prato conta a hist\u00f3ria da regi\u00e3o, com receitas tradicionais passadas de gera\u00e7\u00e3o em gera\u00e7\u00e3o que voc\u00ea n\u00e3o encontra em qualquer lugar. As por\u00e7\u00f5es generosas satisfazem toda a fam\u00edlia, enquanto o atendimento r\u00e1pido garante que ningu\u00e9m fique esperando com fome.<\/p>\n<\/div>\n<\/div>\n<\/div>\n<div class=\"hide-scrollbar markdown prose relative w-full max-w-none overflow-x-scroll break-words text-base leading-7 first:mt-0 prose-headings:first:mt-0 prose-strong:font-bold prose-thead:font-bold light:text-[#3E4247] dark:text-[#EBEBEB] prose-headings:light:text-[#3E4247]\">\n<div>\n<div>\n<p class=\"mb-3 mt-0\" data-copy-text=\"true\">Este estabelecimento tradicional conecta visitantes e moradores \u00e0s ra\u00edzes a\u00e7orianas da regi\u00e3o atrav\u00e9s de uma culin\u00e1ria aut\u00eantica e saborosa. Os frequentadores destacam consistentemente a qualidade excepcional dos pratos, especialmente o linguado ao molho de camar\u00e3o e a pescada cai\u00e7ara, que se tornaram verdadeiros carros-chefes da casa.<\/p>\n<\/div>\n<\/div>\n<\/div>\n<div class=\"hide-scrollbar markdown prose relative w-full max-w-none overflow-x-scroll break-words text-base leading-7 first:mt-0 prose-headings:first:mt-0 prose-strong:font-bold prose-thead:font-bold light:text-[#3E4247] dark:text-[#EBEBEB] prose-headings:light:text-[#3E4247]\">\n<div>\n<div>\n<ul class=\"mb-2 mt-0\">\n<li class=\"my-[5px] first:mt-0 last:mb-0\" data-copy-text=\"true\"><strong>Especialidade:<\/strong> Peixes e frutos do mar frescos, com destaque para o linguado ao molho de camar\u00e3o e a pescada cai\u00e7ara.<\/li>\n<li class=\"my-[5px] first:mt-0 last:mb-0\" data-copy-text=\"true\"><strong>Ideal para:<\/strong> Almo\u00e7o em fam\u00edlia, experi\u00eancia litor\u00e2nea tradicional.<\/li>\n<li class=\"my-[5px] first:mt-0 last:mb-0\" data-copy-text=\"true\"><strong>Ambiente:<\/strong> R\u00fastico e acolhedor, com vista para o mar.<\/li>\n<\/ul>\n<\/div>\n<\/div>\n<\/div>\n<div class=\"hide-scrollbar markdown prose relative w-full max-w-none overflow-x-scroll break-words text-base leading-7 first:mt-0 prose-headings:first:mt-0 prose-strong:font-bold prose-thead:font-bold light:text-[#3E4247] dark:text-[#EBEBEB] prose-headings:light:text-[#3E4247]\">\n<div>\n<div>\n<p class=\"mb-3 mt-0\" data-copy-text=\"true\"><strong>Informa\u00e7\u00f5es Pr\u00e1ticas:<\/strong><\/p>\n<\/div>\n<\/div>\n<\/div>\n<div class=\"hide-scrollbar markdown prose relative w-full max-w-none overflow-x-scroll break-words text-base leading-7 first:mt-0 prose-headings:first:mt-0 prose-strong:font-bold prose-thead:font-bold light:text-[#3E4247] dark:text-[#EBEBEB] prose-headings:light:text-[#3E4247]\">\n<ul class=\"mb-2 mt-0\">\n<li class=\"my-[5px] first:mt-0 last:mb-0\" data-copy-text=\"true\"><strong><span dir=\"auto\" style=\"vertical-align: inherit;\"><span dir=\"auto\" style=\"vertical-align: inherit;\">Endere\u00e7o:<\/span><\/span><\/strong><span dir=\"auto\" style=\"vertical-align: inherit;\"><span dir=\"auto\" style=\"vertical-align: inherit;\"> Av. Jos\u00e9 Temist\u00f3cles de Macedo, 586 &#8211; Centro, Balne\u00e1rio Pi\u00e7arras &#8211; SC, 88380-000<\/span><\/span><\/li>\n<li class=\"my-[5px] first:mt-0 last:mb-0\" data-copy-text=\"true\"><strong>Hor\u00e1rio de Funcionamento:<\/strong> Segunda, quarta, quinta, sexta, s\u00e1bado e domingo: 9h \u00e0s 23h; ter\u00e7a: fechado.<\/li>\n<li class=\"my-[5px] first:mt-0 last:mb-0\" data-copy-text=\"true\"><strong><span dir=\"auto\" style=\"vertical-align: inherit;\"><span dir=\"auto\" style=\"vertical-align: inherit;\">Instagram: <\/span><\/span><\/strong> <a href=\"https:\/\/www.instagram.com\/restaurantedocapitao\/?hl=en\" target=\"_blank\" rel=\"noopener\"><span dir=\"auto\" style=\"vertical-align: inherit;\"><span dir=\"auto\" style=\"vertical-align: inherit;\">@restaurantedocapitao<\/span><\/span><\/a><\/li>\n<\/ul>\n<p><img loading=\"lazy\" decoding=\"async\" class=\"aligncenter wp-image-9917 size-full\" title=\"Fotos Restaurante do Capit\u00e3o\" src=\"https:\/\/blog.unolar.com.br\/media\/unolar\/2025\/11\/Rascunhos-Blog-6-scaled.jpg\" alt=\"Fotos Restaurante do Capit\u00e3o\" width=\"2560\" height=\"1440\" \/><\/p>\n<\/div>\n<div class=\"hide-scrollbar markdown prose relative w-full max-w-none overflow-x-scroll break-words text-base leading-7 first:mt-0 prose-headings:first:mt-0 prose-strong:font-bold prose-thead:font-bold light:text-[#3E4247] dark:text-[#EBEBEB] prose-headings:light:text-[#3E4247]\"><\/div>\n<div class=\"hide-scrollbar markdown prose relative w-full max-w-none overflow-x-scroll break-words text-base leading-7 first:mt-0 prose-headings:first:mt-0 prose-strong:font-bold prose-thead:font-bold light:text-[#3E4247] dark:text-[#EBEBEB] prose-headings:light:text-[#3E4247]\">\n<div>\n<div>\n<h3 class=\"mb-2 mt-4 text-[1.25rem]\/[2rem] font-bold\"><strong>Tampa Restaurante e Petisqueira<\/strong> \ud83c\udf0a<\/h3>\n<\/div>\n<\/div>\n<\/div>\n<div class=\"hide-scrollbar markdown prose relative w-full max-w-none overflow-x-scroll break-words text-base leading-7 first:mt-0 prose-headings:first:mt-0 prose-strong:font-bold prose-thead:font-bold light:text-[#3E4247] dark:text-[#EBEBEB] prose-headings:light:text-[#3E4247]\">\n<div>\n<div>\n<p class=\"mb-3 mt-0\" data-copy-text=\"true\">Imagine saborear um prato delicioso enquanto contempla o mar de Pi\u00e7arras &#8211; essa \u00e9 a experi\u00eancia \u00fanica que o Tampa proporciona diariamente. A localiza\u00e7\u00e3o privilegiada de frente para o mar n\u00e3o \u00e9 apenas um diferencial, \u00e9 o cen\u00e1rio perfeito para momentos inesquec\u00edveis que ficam gravados na mem\u00f3ria.<\/p>\n<\/div>\n<\/div>\n<\/div>\n<div class=\"hide-scrollbar markdown prose relative w-full max-w-none overflow-x-scroll break-words text-base leading-7 first:mt-0 prose-headings:first:mt-0 prose-strong:font-bold prose-thead:font-bold light:text-[#3E4247] dark:text-[#EBEBEB] prose-headings:light:text-[#3E4247]\">\n<div>\n<div>\n<p class=\"mb-3 mt-0\" data-copy-text=\"true\"><span dir=\"auto\" style=\"vertical-align: inherit;\"><span dir=\"auto\" style=\"vertical-align: inherit;\">A versatilidade do card\u00e1pio permite que voc\u00ea desfrute desde um almo\u00e7o completo at\u00e9 um happy hour descontra\u00eddo, sempre com a qualidade que os clientes elogiam h\u00e1 anos. O estabelecimento se destaca pela vista panor\u00e2mica e pelo atendimento cordial, criando uma atmosfera calma que permite desfrutar da vista mar\u00edtima enquanto saboreiam especialidades como a sequ\u00eancia de camar\u00e3o e o bolinho de bacalhau.<\/span><\/span><\/p>\n<\/div>\n<\/div>\n<\/div>\n<div class=\"hide-scrollbar markdown prose relative w-full max-w-none overflow-x-scroll break-words text-base leading-7 first:mt-0 prose-headings:first:mt-0 prose-strong:font-bold prose-thead:font-bold light:text-[#3E4247] dark:text-[#EBEBEB] prose-headings:light:text-[#3E4247]\">\n<div>\n<div>\n<ul class=\"mb-2 mt-0\">\n<li class=\"my-[5px] first:mt-0 last:mb-0\" data-copy-text=\"true\"><strong><span dir=\"auto\" style=\"vertical-align: inherit;\"><span dir=\"auto\" style=\"vertical-align: inherit;\">Especialidade:<\/span><\/span><\/strong><span dir=\"auto\" style=\"vertical-align: inherit;\"><span dir=\"auto\" style=\"vertical-align: inherit;\"> Pratos \u00e0 base de frutos do mar e petiscos variados, com destaque para a sequ\u00eancia de camar\u00f5es e o bolinho de bacalhau.<\/span><\/span><\/li>\n<li class=\"my-[5px] first:mt-0 last:mb-0\" data-copy-text=\"true\"><strong>Ideal para:<\/strong> Happy hour com vista para o mar, refei\u00e7\u00f5es casuais.<\/li>\n<li class=\"my-[5px] first:mt-0 last:mb-0\" data-copy-text=\"true\"><strong>Diferencial:<\/strong> Vista privilegiada da orla de Pi\u00e7arras.<\/li>\n<\/ul>\n<\/div>\n<\/div>\n<\/div>\n<div class=\"hide-scrollbar markdown prose relative w-full max-w-none overflow-x-scroll break-words text-base leading-7 first:mt-0 prose-headings:first:mt-0 prose-strong:font-bold prose-thead:font-bold light:text-[#3E4247] dark:text-[#EBEBEB] prose-headings:light:text-[#3E4247]\">\n<div>\n<div>\n<p class=\"mb-3 mt-0\" data-copy-text=\"true\"><strong>Informa\u00e7\u00f5es Pr\u00e1ticas:<\/strong><\/p>\n<\/div>\n<\/div>\n<\/div>\n<div class=\"hide-scrollbar markdown prose relative w-full max-w-none overflow-x-scroll break-words text-base leading-7 first:mt-0 prose-headings:first:mt-0 prose-strong:font-bold prose-thead:font-bold light:text-[#3E4247] dark:text-[#EBEBEB] prose-headings:light:text-[#3E4247]\">\n<ul class=\"mb-2 mt-0\">\n<li class=\"my-[5px] first:mt-0 last:mb-0\" data-copy-text=\"true\"><strong><span dir=\"auto\" style=\"vertical-align: inherit;\"><span dir=\"auto\" style=\"vertical-align: inherit;\">Endere\u00e7o:<\/span><\/span><\/strong><span dir=\"auto\" style=\"vertical-align: inherit;\"><span dir=\"auto\" style=\"vertical-align: inherit;\"> Av. Jos\u00e9 Temist\u00f3cles de Macedo, 586, Balne\u00e1rio Pi\u00e7arras \u2013 SC, 88380-000<\/span><\/span><\/li>\n<li class=\"my-[5px] first:mt-0 last:mb-0\" data-copy-text=\"true\"><strong>Hor\u00e1rio de Funcionamento:<\/strong> Segunda a Quarta: 9h \u00e0s 16h; sexta a domingo: 9h \u00e0s 17h; ter\u00e7a: fechado.<\/li>\n<li><strong><span dir=\"auto\" style=\"vertical-align: inherit;\"><span dir=\"auto\" style=\"vertical-align: inherit;\">Instagram: <\/span><\/span><\/strong> <a href=\"https:\/\/www.instagram.com\/tamparestauranteepetisqueira\/?hl=en\" target=\"_blank\" rel=\"noopener\"><span dir=\"auto\" style=\"vertical-align: inherit;\"><span dir=\"auto\" style=\"vertical-align: inherit;\">@tamparestauranteepetisqueira<\/span><\/span><\/a><\/li>\n<\/ul>\n<p><img loading=\"lazy\" decoding=\"async\" class=\"aligncenter wp-image-9918 size-full\" title=\"Fotos Restaurante Tampa e Petisqueira\" src=\"https:\/\/blog.unolar.com.br\/media\/unolar\/2025\/11\/Rascunhos-Blog-7-scaled.jpg\" alt=\"Fotos Restaurante Tampa e Petisqueira\" width=\"2560\" height=\"1440\" \/><\/p>\n<\/div>\n<div class=\"hide-scrollbar markdown prose relative w-full max-w-none overflow-x-scroll break-words text-base leading-7 first:mt-0 prose-headings:first:mt-0 prose-strong:font-bold prose-thead:font-bold light:text-[#3E4247] dark:text-[#EBEBEB] prose-headings:light:text-[#3E4247]\"><\/div>\n<div class=\"hide-scrollbar markdown prose relative w-full max-w-none overflow-x-scroll break-words text-base leading-7 first:mt-0 prose-headings:first:mt-0 prose-strong:font-bold prose-thead:font-bold light:text-[#3E4247] dark:text-[#EBEBEB] prose-headings:light:text-[#3E4247]\">\n<div>\n<div>\n<h3 class=\"mb-2 mt-4 text-[1.25rem]\/[2rem] font-bold\"><strong><span dir=\"auto\" style=\"vertical-align: inherit;\"><span dir=\"auto\" style=\"vertical-align: inherit;\">Restaurante Tutty&#8217;s<\/span><\/span><\/strong><span dir=\"auto\" style=\"vertical-align: inherit;\"><span dir=\"auto\" style=\"vertical-align: inherit;\"> \ud83c\udf7d\ufe0f<\/span><\/span><\/h3>\n<\/div>\n<\/div>\n<\/div>\n<div class=\"hide-scrollbar markdown prose relative w-full max-w-none overflow-x-scroll break-words text-base leading-7 first:mt-0 prose-headings:first:mt-0 prose-strong:font-bold prose-thead:font-bold light:text-[#3E4247] dark:text-[#EBEBEB] prose-headings:light:text-[#3E4247]\">\n<div>\n<div>\n<p class=\"mb-3 mt-0\" data-copy-text=\"true\">O Tutty&#8217;s resolve o dilema de &#8220;onde almo\u00e7ar bem sem complica\u00e7\u00e3o&#8221; com seu buffet completo que agrada a todos os gostos da fam\u00edlia. A praticidade de escolher exatamente o que deseja comer se combina com a garantia de encontrar pratos frescos e saborosos preparados com o carinho da culin\u00e1ria caseira brasileira.<\/p>\n<\/div>\n<\/div>\n<\/div>\n<div class=\"hide-scrollbar markdown prose relative w-full max-w-none overflow-x-scroll break-words text-base leading-7 first:mt-0 prose-headings:first:mt-0 prose-strong:font-bold prose-thead:font-bold light:text-[#3E4247] dark:text-[#EBEBEB] prose-headings:light:text-[#3E4247]\">\n<div>\n<div>\n<p class=\"mb-3 mt-0\" data-copy-text=\"true\">O ambiente climatizado com \u00e1rea para crian\u00e7as torna a experi\u00eancia ainda mais confort\u00e1vel para toda a fam\u00edlia, enquanto a tradicional feijoada aos s\u00e1bados oferece uma experi\u00eancia gastron\u00f4mica autenticamente brasileira. No almo\u00e7o, o completo buffet apresenta pratos quentes, saladas, carnes, peixes, aves e deliciosas sobremesas que conquistam clientes pela variedade e qualidade.<\/p>\n<\/div>\n<\/div>\n<\/div>\n<div class=\"hide-scrollbar markdown prose relative w-full max-w-none overflow-x-scroll break-words text-base leading-7 first:mt-0 prose-headings:first:mt-0 prose-strong:font-bold prose-thead:font-bold light:text-[#3E4247] dark:text-[#EBEBEB] prose-headings:light:text-[#3E4247]\">\n<div>\n<div>\n<ul class=\"mb-2 mt-0\">\n<li class=\"my-[5px] first:mt-0 last:mb-0\" data-copy-text=\"true\"><strong>Especialidade:<\/strong> Buffet variado de comida caseira brasileira, com destaque para a feijoada aos s\u00e1bados.<\/li>\n<li class=\"my-[5px] first:mt-0 last:mb-0\" data-copy-text=\"true\"><strong>Ideal para:<\/strong> Almo\u00e7os em fam\u00edlia, eventos corporativos e sociais.<\/li>\n<li class=\"my-[5px] first:mt-0 last:mb-0\" data-copy-text=\"true\"><strong>Diferencial:<\/strong> Ambiente climatizado com \u00e1rea externa para crian\u00e7as.<\/li>\n<\/ul>\n<\/div>\n<\/div>\n<\/div>\n<div class=\"hide-scrollbar markdown prose relative w-full max-w-none overflow-x-scroll break-words text-base leading-7 first:mt-0 prose-headings:first:mt-0 prose-strong:font-bold prose-thead:font-bold light:text-[#3E4247] dark:text-[#EBEBEB] prose-headings:light:text-[#3E4247]\">\n<div>\n<div>\n<p class=\"mb-3 mt-0\" data-copy-text=\"true\"><strong><span dir=\"auto\" style=\"vertical-align: inherit;\"><span dir=\"auto\" style=\"vertical-align: inherit;\">Informa\u00e7\u00f5es Pr\u00e1ticas:<\/span><\/span><\/strong><\/p>\n<\/div>\n<\/div>\n<\/div>\n<div class=\"hide-scrollbar markdown prose relative w-full max-w-none overflow-x-scroll break-words text-base leading-7 first:mt-0 prose-headings:first:mt-0 prose-strong:font-bold prose-thead:font-bold light:text-[#3E4247] dark:text-[#EBEBEB] prose-headings:light:text-[#3E4247]\">\n<ul class=\"mb-2 mt-0\">\n<li class=\"my-[5px] first:mt-0 last:mb-0\" data-copy-text=\"true\"><strong>Endere\u00e7o:<\/strong> R. Itacolomi, 25, Balne\u00e1rio Pi\u00e7arras \u2013 SC, 88380-000<\/li>\n<li class=\"my-[5px] first:mt-0 last:mb-0\" data-copy-text=\"true\"><strong>Hor\u00e1rio de Funcionamento:<\/strong> Segunda a Sexta : 11h30-15h e 18h-23h30<\/li>\n<li class=\"my-[5px] first:mt-0 last:mb-0\" data-copy-text=\"true\"><strong><span dir=\"auto\" style=\"vertical-align: inherit;\"><span dir=\"auto\" style=\"vertical-align: inherit;\">Instagram: <\/span><\/span><\/strong> <a href=\"https:\/\/www.instagram.com\/restaurantetuttys\/?hl=en\" target=\"_blank\" rel=\"noopener\"><span dir=\"auto\" style=\"vertical-align: inherit;\"><span dir=\"auto\" style=\"vertical-align: inherit;\">@restaurantettys<\/span><\/span><\/a><\/li>\n<\/ul>\n<p><img loading=\"lazy\" decoding=\"async\" class=\"aligncenter wp-image-9919 size-full\" title=\"Fotos Tuttys Restaurante\" src=\"https:\/\/blog.unolar.com.br\/media\/unolar\/2025\/11\/Rascunhos-Blog-8-scaled.jpg\" alt=\"Fotos Tuttys Restaurante\" width=\"2560\" height=\"1440\" \/><\/p>\n<\/div>\n<div class=\"hide-scrollbar markdown prose relative w-full max-w-none overflow-x-scroll break-words text-base leading-7 first:mt-0 prose-headings:first:mt-0 prose-strong:font-bold prose-thead:font-bold light:text-[#3E4247] dark:text-[#EBEBEB] prose-headings:light:text-[#3E4247]\"><\/div>\n<div class=\"hide-scrollbar markdown prose relative w-full max-w-none overflow-x-scroll break-words text-base leading-7 first:mt-0 prose-headings:first:mt-0 prose-strong:font-bold prose-thead:font-bold light:text-[#3E4247] dark:text-[#EBEBEB] prose-headings:light:text-[#3E4247]\">\n<div>\n<div>\n<h3 class=\"mb-2 mt-4 text-[1.25rem]\/[2rem] font-bold\"><strong><span dir=\"auto\" style=\"vertical-align: inherit;\"><span dir=\"auto\" style=\"vertical-align: inherit;\">North Beach Restaurante e Bar<\/span><\/span><\/strong><span dir=\"auto\" style=\"vertical-align: inherit;\"><span dir=\"auto\" style=\"vertical-align: inherit;\"> \ud83c\udfd6\ufe0f<\/span><\/span><\/h3>\n<\/div>\n<\/div>\n<\/div>\n<div class=\"hide-scrollbar markdown prose relative w-full max-w-none overflow-x-scroll break-words text-base leading-7 first:mt-0 prose-headings:first:mt-0 prose-strong:font-bold prose-thead:font-bold light:text-[#3E4247] dark:text-[#EBEBEB] prose-headings:light:text-[#3E4247]\">\n<div>\n<div>\n<p class=\"mb-3 mt-0\" data-copy-text=\"true\">O North Beach oferece aquela experi\u00eancia gastron\u00f4mica que voc\u00ea s\u00f3 encontra no litoral: p\u00e9s na areia, brisa do mar e pratos frescos preparados com o melhor do oceano. \u00c9 a combina\u00e7\u00e3o ideal entre ambiente descontra\u00eddo e gastronomia de qualidade que cria mem\u00f3rias que voc\u00ea vai querer repetir.<\/p>\n<\/div>\n<\/div>\n<\/div>\n<div class=\"hide-scrollbar markdown prose relative w-full max-w-none overflow-x-scroll break-words text-base leading-7 first:mt-0 prose-headings:first:mt-0 prose-strong:font-bold prose-thead:font-bold light:text-[#3E4247] dark:text-[#EBEBEB] prose-headings:light:text-[#3E4247]\">\n<div>\n<div>\n<p class=\"mb-3 mt-0\" data-copy-text=\"true\">Localizado de frente para o mar, oferece uma experi\u00eancia gastron\u00f4mica \u00fanica que integra a natureza e as belezas da praia como plano de fundo. A moqueca de peixe e o camar\u00e3o na moranga s\u00e3o preparados com receitas tradicionais que capturam toda a ess\u00eancia da culin\u00e1ria litor\u00e2nea. Clientes elogiam o ambiente leve e o servi\u00e7o receptivo, al\u00e9m das mesas externas que proporcionam uma vista deslumbrante.<\/p>\n<\/div>\n<\/div>\n<\/div>\n<div class=\"hide-scrollbar markdown prose relative w-full max-w-none overflow-x-scroll break-words text-base leading-7 first:mt-0 prose-headings:first:mt-0 prose-strong:font-bold prose-thead:font-bold light:text-[#3E4247] dark:text-[#EBEBEB] prose-headings:light:text-[#3E4247]\">\n<div>\n<div>\n<ul class=\"mb-2 mt-0\">\n<li class=\"my-[5px] first:mt-0 last:mb-0\" data-copy-text=\"true\"><strong><span dir=\"auto\" style=\"vertical-align: inherit;\"><span dir=\"auto\" style=\"vertical-align: inherit;\">Especialidade:<\/span><\/span><\/strong><span dir=\"auto\" style=\"vertical-align: inherit;\"><span dir=\"auto\" style=\"vertical-align: inherit;\"> Pratos e por\u00e7\u00f5es de frutos do mar em receitas tradicionais, com destaque para a moqueca de peixe e o camar\u00e3o na moranga.<\/span><\/span><\/li>\n<li class=\"my-[5px] first:mt-0 last:mb-0\" data-copy-text=\"true\"><strong><span dir=\"auto\" style=\"vertical-align: inherit;\"><span dir=\"auto\" style=\"vertical-align: inherit;\">Ideal para:<\/span><\/span><\/strong><span dir=\"auto\" style=\"vertical-align: inherit;\"><span dir=\"auto\" style=\"vertical-align: inherit;\"> Almo\u00e7os descontra\u00eddos, encontros com amigos.<\/span><\/span><\/li>\n<li class=\"my-[5px] first:mt-0 last:mb-0\" data-copy-text=\"true\"><strong>Diferencial:<\/strong> Ambiente bo\u00eamio praiano com vista para o mar.<\/li>\n<\/ul>\n<\/div>\n<\/div>\n<\/div>\n<div class=\"hide-scrollbar markdown prose relative w-full max-w-none overflow-x-scroll break-words text-base leading-7 first:mt-0 prose-headings:first:mt-0 prose-strong:font-bold prose-thead:font-bold light:text-[#3E4247] dark:text-[#EBEBEB] prose-headings:light:text-[#3E4247]\">\n<div>\n<div>\n<p class=\"mb-3 mt-0\" data-copy-text=\"true\"><strong>Informa\u00e7\u00f5es Pr\u00e1ticas:<\/strong><\/p>\n<\/div>\n<\/div>\n<\/div>\n<div class=\"hide-scrollbar markdown prose relative w-full max-w-none overflow-x-scroll break-words text-base leading-7 first:mt-0 prose-headings:first:mt-0 prose-strong:font-bold prose-thead:font-bold light:text-[#3E4247] dark:text-[#EBEBEB] prose-headings:light:text-[#3E4247]\">\n<ul class=\"mb-2 mt-0\">\n<li class=\"my-[5px] first:mt-0 last:mb-0\" data-copy-text=\"true\"><strong><span dir=\"auto\" style=\"vertical-align: inherit;\"><span dir=\"auto\" style=\"vertical-align: inherit;\">Endere\u00e7o:<\/span><\/span><\/strong><span dir=\"auto\" style=\"vertical-align: inherit;\"><span dir=\"auto\" style=\"vertical-align: inherit;\"> Av. Jos\u00e9 Temist\u00f3cles de Macedo, 1034, Balne\u00e1rio Pi\u00e7arras \u2013 SC, 88380-000<\/span><\/span><\/li>\n<li class=\"my-[5px] first:mt-0 last:mb-0\" data-copy-text=\"true\"><strong>Hor\u00e1rio de Funcionamento:<\/strong> Ter\u00e7a a sexta: 11h \u00e0s 14h30; s\u00e1bado e domingo: 11h \u00e0s 15h30; segunda: fechado.<\/li>\n<li><strong><span dir=\"auto\" style=\"vertical-align: inherit;\"><span dir=\"auto\" style=\"vertical-align: inherit;\">Instagram: <\/span><\/span><\/strong> <a href=\"https:\/\/www.instagram.com\/northbeachr\/?hl=en\" target=\"_blank\" rel=\"noopener\"><span dir=\"auto\" style=\"vertical-align: inherit;\"><span dir=\"auto\" style=\"vertical-align: inherit;\">@northbeachr<\/span><\/span><\/a><\/li>\n<\/ul>\n<p><img loading=\"lazy\" decoding=\"async\" class=\"aligncenter wp-image-9920 size-full\" title=\"Fotos North Beach Restaurante\" src=\"https:\/\/blog.unolar.com.br\/media\/unolar\/2025\/11\/Rascunhos-Blog-9-scaled.jpg\" alt=\"Fotos North Beach Restaurante\" width=\"2560\" height=\"1440\" \/><\/p>\n<\/div>\n<div class=\"hide-scrollbar markdown prose relative w-full max-w-none overflow-x-scroll break-words text-base leading-7 first:mt-0 prose-headings:first:mt-0 prose-strong:font-bold prose-thead:font-bold light:text-[#3E4247] dark:text-[#EBEBEB] prose-headings:light:text-[#3E4247]\"><\/div>\n<div class=\"hide-scrollbar markdown prose relative w-full max-w-none overflow-x-scroll break-words text-base leading-7 first:mt-0 prose-headings:first:mt-0 prose-strong:font-bold prose-thead:font-bold light:text-[#3E4247] dark:text-[#EBEBEB] prose-headings:light:text-[#3E4247]\">\n<div>\n<div>\n<h3 class=\"mb-2 mt-4 text-[1.25rem]\/[2rem] font-bold\"><strong>Pra\u00e7a Rippa<\/strong> \ud83c\udf55\ud83c\udf54<\/h3>\n<\/div>\n<\/div>\n<\/div>\n<div class=\"hide-scrollbar markdown prose relative w-full max-w-none overflow-x-scroll break-words text-base leading-7 first:mt-0 prose-headings:first:mt-0 prose-strong:font-bold prose-thead:font-bold light:text-[#3E4247] dark:text-[#EBEBEB] prose-headings:light:text-[#3E4247]\">\n<div>\n<div>\n<p class=\"mb-3 mt-0\" data-copy-text=\"true\">A Pra\u00e7a Rippa \u00e9 a solu\u00e7\u00e3o perfeita para grupos com gostos diferentes &#8211; enquanto um quer pizza, outro prefere hamb\u00farguer, e todos saem satisfeitos. O ambiente ao ar livre cria uma atmosfera \u00fanica de pra\u00e7a de alimenta\u00e7\u00e3o gourmet, onde voc\u00ea pode experimentar diferentes sabores em um s\u00f3 lugar.<\/p>\n<\/div>\n<\/div>\n<\/div>\n<div class=\"hide-scrollbar markdown prose relative w-full max-w-none overflow-x-scroll break-words text-base leading-7 first:mt-0 prose-headings:first:mt-0 prose-strong:font-bold prose-thead:font-bold light:text-[#3E4247] dark:text-[#EBEBEB] prose-headings:light:text-[#3E4247]\">\n<div>\n<div>\n<p class=\"mb-3 mt-0\" data-copy-text=\"true\">Este espa\u00e7o gastron\u00f4mico re\u00fane diversas op\u00e7\u00f5es de food trucks e quiosques, oferecendo desde pizzas artesanais at\u00e9 hamb\u00fargueres gourmet com a energia contagiante de um ambiente din\u00e2mico e moderno. Frequentadores apreciam a diversidade de op\u00e7\u00f5es, os pre\u00e7os acess\u00edveis e a atmosfera animada, especialmente durante os finais de semana quando o local ganha vida pr\u00f3pria.<\/p>\n<\/div>\n<\/div>\n<\/div>\n<div class=\"hide-scrollbar markdown prose relative w-full max-w-none overflow-x-scroll break-words text-base leading-7 first:mt-0 prose-headings:first:mt-0 prose-strong:font-bold prose-thead:font-bold light:text-[#3E4247] dark:text-[#EBEBEB] prose-headings:light:text-[#3E4247]\">\n<div>\n<div>\n<ul class=\"mb-2 mt-0\">\n<li class=\"my-[5px] first:mt-0 last:mb-0\" data-copy-text=\"true\"><strong>Especialidade:<\/strong> Variedade de comidas de rua, incluindo pizzas, hamb\u00fargueres e culin\u00e1ria internacional.<\/li>\n<li class=\"my-[5px] first:mt-0 last:mb-0\" data-copy-text=\"true\"><strong>Ideal para:<\/strong> Encontros informais, refei\u00e7\u00f5es r\u00e1pidas.<\/li>\n<li class=\"my-[5px] first:mt-0 last:mb-0\" data-copy-text=\"true\"><strong>Diferencial:<\/strong> Ambiente ao ar livre com op\u00e7\u00f5es para todos os gostos.<\/li>\n<\/ul>\n<\/div>\n<\/div>\n<\/div>\n<div class=\"hide-scrollbar markdown prose relative w-full max-w-none overflow-x-scroll break-words text-base leading-7 first:mt-0 prose-headings:first:mt-0 prose-strong:font-bold prose-thead:font-bold light:text-[#3E4247] dark:text-[#EBEBEB] prose-headings:light:text-[#3E4247]\">\n<div>\n<div>\n<p class=\"mb-3 mt-0\" data-copy-text=\"true\"><strong><span dir=\"auto\" style=\"vertical-align: inherit;\"><span dir=\"auto\" style=\"vertical-align: inherit;\">Informa\u00e7\u00f5es Pr\u00e1ticas:<\/span><\/span><\/strong><\/p>\n<\/div>\n<\/div>\n<\/div>\n<div class=\"hide-scrollbar markdown prose relative w-full max-w-none overflow-x-scroll break-words text-base leading-7 first:mt-0 prose-headings:first:mt-0 prose-strong:font-bold prose-thead:font-bold light:text-[#3E4247] dark:text-[#EBEBEB] prose-headings:light:text-[#3E4247]\">\n<ul class=\"mb-2 mt-0\">\n<li class=\"my-[5px] first:mt-0 last:mb-0\" data-copy-text=\"true\"><strong>Endere\u00e7o:<\/strong> Av. Nereu Ramos, 780, Balne\u00e1rio Pi\u00e7arras &#8211; SC, 88380-000<\/li>\n<li class=\"my-[5px] first:mt-0 last:mb-0\" data-copy-text=\"true\"><strong>Hor\u00e1rio de Funcionamento:<\/strong> Quarta a S\u00e1bado: 17-23h, Domingo : 12h \u00e1s 22h<\/li>\n<li><strong><span dir=\"auto\" style=\"vertical-align: inherit;\"><span dir=\"auto\" style=\"vertical-align: inherit;\">Instagram: <\/span><\/span><\/strong> <a href=\"https:\/\/www.instagram.com\/pracarippapicarras\/?hl=en\" target=\"_blank\" rel=\"noopener\"><span dir=\"auto\" style=\"vertical-align: inherit;\"><span dir=\"auto\" style=\"vertical-align: inherit;\">@pracarippapicarras<\/span><\/span><\/a><\/li>\n<\/ul>\n<p>&nbsp;<\/p>\n<p><img loading=\"lazy\" decoding=\"async\" class=\"aligncenter wp-image-9922 size-full\" title=\"Fotos Pra\u00e7a Rippa\" src=\"https:\/\/blog.unolar.com.br\/media\/unolar\/2025\/11\/Rascunhos-Blog-10-scaled.jpg\" alt=\"Fotos Pra\u00e7a Rippa\" width=\"2560\" height=\"1440\" \/><\/p>\n<\/div>\n<div class=\"hide-scrollbar markdown prose relative w-full max-w-none overflow-x-scroll break-words text-base leading-7 first:mt-0 prose-headings:first:mt-0 prose-strong:font-bold prose-thead:font-bold light:text-[#3E4247] dark:text-[#EBEBEB] prose-headings:light:text-[#3E4247]\"><\/div>\n<div class=\"hide-scrollbar markdown prose relative w-full max-w-none overflow-x-scroll break-words text-base leading-7 first:mt-0 prose-headings:first:mt-0 prose-strong:font-bold prose-thead:font-bold light:text-[#3E4247] dark:text-[#EBEBEB] prose-headings:light:text-[#3E4247]\">\n<div>\n<div>\n<h3 class=\"mb-2 mt-4 text-[1.25rem]\/[2rem] font-bold\"><strong>Pi\u00e7arras Station63 Wine &amp; Gastrobar<\/strong> \ud83c\udf77<\/h3>\n<\/div>\n<\/div>\n<\/div>\n<div class=\"hide-scrollbar markdown prose relative w-full max-w-none overflow-x-scroll break-words text-base leading-7 first:mt-0 prose-headings:first:mt-0 prose-strong:font-bold prose-thead:font-bold light:text-[#3E4247] dark:text-[#EBEBEB] prose-headings:light:text-[#3E4247]\">\n<div>\n<div>\n<p class=\"mb-3 mt-0\" data-copy-text=\"true\">Para quem aprecia a arte da harmoniza\u00e7\u00e3o entre vinhos e gastronomia, o Station63 oferece uma experi\u00eancia sofisticada que eleva qualquer ocasi\u00e3o especial. A carta de vinhos cuidadosamente selecionada se combina com pratos elaborados, criando momentos que merecem ser celebrados com requinte e bom gosto.<\/p>\n<\/div>\n<\/div>\n<\/div>\n<div class=\"hide-scrollbar markdown prose relative w-full max-w-none overflow-x-scroll break-words text-base leading-7 first:mt-0 prose-headings:first:mt-0 prose-strong:font-bold prose-thead:font-bold light:text-[#3E4247] dark:text-[#EBEBEB] prose-headings:light:text-[#3E4247]\">\n<div>\n<div>\n<p class=\"mb-3 mt-0\" data-copy-text=\"true\">O ambiente acolhedor e o atendimento especializado fazem voc\u00ea se sentir em um ref\u00fagio gastron\u00f4mico, onde cada detalhe foi pensado para proporcionar uma experi\u00eancia memor\u00e1vel. Clientes elogiam a diversidade da carta de vinhos e o atendimento atencioso, al\u00e9m dos pratos bem elaborados que proporcionam uma experi\u00eancia gastron\u00f4mica completa, especialmente as t\u00e1buas de queijos e embutidos que harmonizam perfeitamente com os vinhos selecionados.<\/p>\n<\/div>\n<\/div>\n<\/div>\n<div class=\"hide-scrollbar markdown prose relative w-full max-w-none overflow-x-scroll break-words text-base leading-7 first:mt-0 prose-headings:first:mt-0 prose-strong:font-bold prose-thead:font-bold light:text-[#3E4247] dark:text-[#EBEBEB] prose-headings:light:text-[#3E4247]\">\n<div>\n<div>\n<ul class=\"mb-2 mt-0\">\n<li class=\"my-[5px] first:mt-0 last:mb-0\" data-copy-text=\"true\"><strong>Especialidade:<\/strong> Sele\u00e7\u00e3o de vinhos e pratos harmonizados, com destaque para as t\u00e1buas de queijos e embutidos.<\/li>\n<li class=\"my-[5px] first:mt-0 last:mb-0\" data-copy-text=\"true\"><strong>Ideal para:<\/strong> Jantares rom\u00e2nticos, encontros entre amigos.<\/li>\n<li class=\"my-[5px] first:mt-0 last:mb-0\" data-copy-text=\"true\"><strong>Diferencial:<\/strong> Ambiente sofisticado com m\u00fasica ao vivo em dias selecionados.<\/li>\n<\/ul>\n<\/div>\n<\/div>\n<\/div>\n<div class=\"hide-scrollbar markdown prose relative w-full max-w-none overflow-x-scroll break-words text-base leading-7 first:mt-0 prose-headings:first:mt-0 prose-strong:font-bold prose-thead:font-bold light:text-[#3E4247] dark:text-[#EBEBEB] prose-headings:light:text-[#3E4247]\">\n<div>\n<div>\n<p class=\"mb-3 mt-0\" data-copy-text=\"true\"><strong>Informa\u00e7\u00f5es Pr\u00e1ticas:<\/strong><\/p>\n<\/div>\n<\/div>\n<\/div>\n<div class=\"hide-scrollbar markdown prose relative w-full max-w-none overflow-x-scroll break-words text-base leading-7 first:mt-0 prose-headings:first:mt-0 prose-strong:font-bold prose-thead:font-bold light:text-[#3E4247] dark:text-[#EBEBEB] prose-headings:light:text-[#3E4247]\">\n<div>\n<div>\n<ul class=\"mb-2 mt-0\">\n<li class=\"my-[5px] first:mt-0 last:mb-0\" data-copy-text=\"true\"><strong>Endere\u00e7o:<\/strong> Av. Nereu Ramos, 840, centro, Balne\u00e1rio Pi\u00e7arras-SC<\/li>\n<li class=\"my-[5px] first:mt-0 last:mb-0\" data-copy-text=\"true\"><strong>Hor\u00e1rio de Funcionamento:<\/strong> Ter\u00e7a a Sexta: 11h30-14h30, 17h-23h e S\u00e1bado e Domingo : 11h-16h, 17h-23<\/li>\n<li class=\"my-[5px] first:mt-0 last:mb-0\" data-copy-text=\"true\"><strong><span dir=\"auto\" style=\"vertical-align: inherit;\"><span dir=\"auto\" style=\"vertical-align: inherit;\">Instagram: <\/span><\/span><\/strong> <a href=\"https:\/\/www.instagram.com\/picarras.station63\/?hl=en\" target=\"_blank\" rel=\"noopener\"><span dir=\"auto\" style=\"vertical-align: inherit;\"><span dir=\"auto\" style=\"vertical-align: inherit;\">picarras.station63<\/span><\/span><\/a><\/li>\n<\/ul>\n<p><img loading=\"lazy\" decoding=\"async\" class=\"alignundefined wp-image-9923 size-full\" title=\"Fotos Pi\u00e7arras Station63 | Wine &amp; Gastrobar\" src=\"https:\/\/blog.unolar.com.br\/media\/unolar\/2025\/11\/Rascunhos-Blog-11-scaled.jpg\" alt=\"Fotos Pi\u00e7arras Station63 | Wine &amp; Gastrobar\" width=\"2560\" height=\"1440\" \/><\/p>\n<\/div>\n<\/div>\n<\/div>\n<div class=\"hide-scrollbar markdown prose relative w-full max-w-none overflow-x-scroll break-words text-base leading-7 first:mt-0 prose-headings:first:mt-0 prose-strong:font-bold prose-thead:font-bold light:text-[#3E4247] dark:text-[#EBEBEB] prose-headings:light:text-[#3E4247]\">\n<div>\n<div>\n<h3><\/h3>\n<h3 class=\"mb-2 mt-4 text-[1.25rem]\/[2rem] font-bold\"><strong>Yallah \u2013 Cozinha Plural<\/strong> \ud83e\udd59<\/h3>\n<\/div>\n<\/div>\n<\/div>\n<div class=\"hide-scrollbar markdown prose relative w-full max-w-none overflow-x-scroll break-words text-base leading-7 first:mt-0 prose-headings:first:mt-0 prose-strong:font-bold prose-thead:font-bold light:text-[#3E4247] dark:text-[#EBEBEB] prose-headings:light:text-[#3E4247]\">\n<div>\n<div>\n<p class=\"mb-3 mt-0\" data-copy-text=\"true\">O Yallah oferece uma verdadeira viagem gastron\u00f4mica sem sair de Pi\u00e7arras, proporcionando a oportunidade \u00fanica de experimentar sabores aut\u00eanticos da culin\u00e1ria \u00e1rabe em um ambiente encantador com vista para o mar. O falafel crocante e o shawarma suculento s\u00e3o preparados com t\u00e9cnicas tradicionais que transportam voc\u00ea para o Oriente M\u00e9dio.<\/p>\n<\/div>\n<\/div>\n<\/div>\n<div class=\"hide-scrollbar markdown prose relative w-full max-w-none overflow-x-scroll break-words text-base leading-7 first:mt-0 prose-headings:first:mt-0 prose-strong:font-bold prose-thead:font-bold light:text-[#3E4247] dark:text-[#EBEBEB] prose-headings:light:text-[#3E4247]\">\n<div>\n<div>\n<p class=\"mb-3 mt-0\" data-copy-text=\"true\">Este restaurante traz diversidade ao cen\u00e1rio gastron\u00f4mico de Pi\u00e7arras, oferecendo pratos aut\u00eanticos que ampliam as op\u00e7\u00f5es culin\u00e1rias da cidade de forma \u00fanica na regi\u00e3o. As mesas externas permitem que voc\u00ea desfrute de coquet\u00e9is especiais enquanto contempla o p\u00f4r do sol, criando uma experi\u00eancia gastron\u00f4mica verdadeiramente diferenciada que combina sabores ex\u00f3ticos com o charme litor\u00e2neo.<\/p>\n<\/div>\n<\/div>\n<\/div>\n<div class=\"hide-scrollbar markdown prose relative w-full max-w-none overflow-x-scroll break-words text-base leading-7 first:mt-0 prose-headings:first:mt-0 prose-strong:font-bold prose-thead:font-bold light:text-[#3E4247] dark:text-[#EBEBEB] prose-headings:light:text-[#3E4247]\">\n<div>\n<div>\n<ul class=\"mb-2 mt-0\">\n<li class=\"my-[5px] first:mt-0 last:mb-0\" data-copy-text=\"true\"><strong>Especialidade:<\/strong> Culin\u00e1ria \u00e1rabe aut\u00eantica, com destaque para o falafel e o shawarma.<\/li>\n<li class=\"my-[5px] first:mt-0 last:mb-0\" data-copy-text=\"true\"><strong>Ideal para:<\/strong> Jantar a dois, experimentar novos sabores.<\/li>\n<li class=\"my-[5px] first:mt-0 last:mb-0\" data-copy-text=\"true\"><strong>Diferencial:<\/strong> \u00danica op\u00e7\u00e3o de culin\u00e1ria \u00e1rabe na regi\u00e3o.<\/li>\n<\/ul>\n<\/div>\n<\/div>\n<\/div>\n<div class=\"hide-scrollbar markdown prose relative w-full max-w-none overflow-x-scroll break-words text-base leading-7 first:mt-0 prose-headings:first:mt-0 prose-strong:font-bold prose-thead:font-bold light:text-[#3E4247] dark:text-[#EBEBEB] prose-headings:light:text-[#3E4247]\">\n<div>\n<div>\n<p class=\"mb-3 mt-0\" data-copy-text=\"true\"><strong><span dir=\"auto\" style=\"vertical-align: inherit;\"><span dir=\"auto\" style=\"vertical-align: inherit;\">Informa\u00e7\u00f5es Pr\u00e1ticas:<\/span><\/span><\/strong><\/p>\n<\/div>\n<\/div>\n<\/div>\n<div class=\"hide-scrollbar markdown prose relative w-full max-w-none overflow-x-scroll break-words text-base leading-7 first:mt-0 prose-headings:first:mt-0 prose-strong:font-bold prose-thead:font-bold light:text-[#3E4247] dark:text-[#EBEBEB] prose-headings:light:text-[#3E4247]\">\n<div>\n<div>\n<ul class=\"mb-2 mt-0\">\n<li class=\"my-[5px] first:mt-0 last:mb-0\" data-copy-text=\"true\"><strong><span dir=\"auto\" style=\"vertical-align: inherit;\"><span dir=\"auto\" style=\"vertical-align: inherit;\">Endere\u00e7o:<\/span><\/span><\/strong><span dir=\"auto\" style=\"vertical-align: inherit;\"><span dir=\"auto\" style=\"vertical-align: inherit;\"> Av. Jos\u00e9 Temist\u00f3cles de Macedo, 106, Balne\u00e1rio Pi\u00e7arras \u2013 SC, 88380-000<\/span><\/span><\/li>\n<li class=\"my-[5px] first:mt-0 last:mb-0\" data-copy-text=\"true\"><strong>Hor\u00e1rio de Funcionamento:<\/strong> Sexta \u00e1 Sabado: 10h30 \u00e1s 18h30 e Domingo: 10h30 \u00e1s 16h30<\/li>\n<li class=\"my-[5px] first:mt-0 last:mb-0\" data-copy-text=\"true\"><strong>Instagram:<\/strong> <a href=\"https:\/\/www.instagram.com\/yallah.cozinha.plural\/?hl=en\" target=\"_blank\" rel=\"noopener\">@yallah.cozinha.plural<\/a><\/li>\n<\/ul>\n<p><img loading=\"lazy\" decoding=\"async\" class=\"alignundefined wp-image-9925 size-full\" title=\"Fotos Yallah Cozinha Plural\" src=\"https:\/\/blog.unolar.com.br\/media\/unolar\/2025\/11\/Rascunhos-Blog-12-scaled.jpg\" alt=\"Fotos Yallah Cozinha Plural\" width=\"2560\" height=\"1440\" \/><\/p>\n<\/div>\n<\/div>\n<\/div>\n<div class=\"hide-scrollbar markdown prose relative w-full max-w-none overflow-x-scroll break-words text-base leading-7 first:mt-0 prose-headings:first:mt-0 prose-strong:font-bold prose-thead:font-bold light:text-[#3E4247] dark:text-[#EBEBEB] prose-headings:light:text-[#3E4247]\">\n<div>\n<div>\n<h3><\/h3>\n<h3 class=\"mb-2 mt-4 text-[1.25rem]\/[2rem] font-bold\"><strong>Choperia General Kuster<\/strong> \ud83c\udf7a<\/h3>\n<\/div>\n<\/div>\n<\/div>\n<div class=\"hide-scrollbar markdown prose relative w-full max-w-none overflow-x-scroll break-words text-base leading-7 first:mt-0 prose-headings:first:mt-0 prose-strong:font-bold prose-thead:font-bold light:text-[#3E4247] dark:text-[#EBEBEB] prose-headings:light:text-[#3E4247]\">\n<div>\n<div>\n<p class=\"mb-3 mt-0\" data-copy-text=\"true\">O General Kuster \u00e9 o destino certo para quem busca a aut\u00eantica experi\u00eancia alem\u00e3 em Pi\u00e7arras. O chopp gelado, servido na temperatura perfeita, harmoniza perfeitamente com pratos tradicionais como o eisbein e as salsichas alem\u00e3s que remetem \u00e0s tradi\u00e7\u00f5es alem\u00e3s presentes na cultura catarinense.<\/p>\n<\/div>\n<\/div>\n<\/div>\n<div class=\"hide-scrollbar markdown prose relative w-full max-w-none overflow-x-scroll break-words text-base leading-7 first:mt-0 prose-headings:first:mt-0 prose-strong:font-bold prose-thead:font-bold light:text-[#3E4247] dark:text-[#EBEBEB] prose-headings:light:text-[#3E4247]\">\n<div>\n<div>\n<p class=\"mb-3 mt-0\" data-copy-text=\"true\">O ambiente r\u00fastico e acolhedor, com decora\u00e7\u00e3o que transporta voc\u00ea para uma t\u00edpica choperia alem\u00e3, cria a atmosfera ideal para confraterniza\u00e7\u00f5es descontra\u00eddas. \u00c9 o lugar onde voc\u00ea pode relaxar ap\u00f3s um dia de praia e desfrutar da combina\u00e7\u00e3o perfeita entre boa comida e chopp de qualidade, especialmente durante os finais de tarde quando o movimento se intensifica e a energia do local contagia.<\/p>\n<\/div>\n<\/div>\n<\/div>\n<div class=\"hide-scrollbar markdown prose relative w-full max-w-none overflow-x-scroll break-words text-base leading-7 first:mt-0 prose-headings:first:mt-0 prose-strong:font-bold prose-thead:font-bold light:text-[#3E4247] dark:text-[#EBEBEB] prose-headings:light:text-[#3E4247]\">\n<div>\n<div>\n<ul class=\"mb-2 mt-0\">\n<li class=\"my-[5px] first:mt-0 last:mb-0\" data-copy-text=\"true\"><strong>Especialidade:<\/strong> Culin\u00e1ria alem\u00e3 e chopp artesanal, com destaque para o eisbein (joelho de porco) e as salsichas alem\u00e3s.<\/li>\n<li class=\"my-[5px] first:mt-0 last:mb-0\" data-copy-text=\"true\"><strong>Ideal para:<\/strong> Happy hour, jantar com amigos.<\/li>\n<li class=\"my-[5px] first:mt-0 last:mb-0\" data-copy-text=\"true\"><strong>Ambiente:<\/strong> Decora\u00e7\u00e3o r\u00fastica alem\u00e3, ambiente descontra\u00eddo.<\/li>\n<\/ul>\n<\/div>\n<\/div>\n<\/div>\n<div class=\"hide-scrollbar markdown prose relative w-full max-w-none overflow-x-scroll break-words text-base leading-7 first:mt-0 prose-headings:first:mt-0 prose-strong:font-bold prose-thead:font-bold light:text-[#3E4247] dark:text-[#EBEBEB] prose-headings:light:text-[#3E4247]\">\n<div>\n<div>\n<p class=\"mb-3 mt-0\" data-copy-text=\"true\"><strong>Informa\u00e7\u00f5es Pr\u00e1ticas:<\/strong><\/p>\n<\/div>\n<\/div>\n<\/div>\n<div class=\"hide-scrollbar markdown prose relative w-full max-w-none overflow-x-scroll break-words text-base leading-7 first:mt-0 prose-headings:first:mt-0 prose-strong:font-bold prose-thead:font-bold light:text-[#3E4247] dark:text-[#EBEBEB] prose-headings:light:text-[#3E4247]\">\n<ul class=\"mb-2 mt-0\">\n<li class=\"my-[5px] first:mt-0 last:mb-0\" data-copy-text=\"true\"><strong>Endere\u00e7o:<\/strong> R. Ver. Ludg\u00e9ro Figueiredo, 40 \u2013 Centro, Balne\u00e1rio Pi\u00e7arras \u2013 SC, 88380-000<\/li>\n<li class=\"my-[5px] first:mt-0 last:mb-0\" data-copy-text=\"true\"><strong>Hor\u00e1rio de Funcionamento:\u00a0<\/strong>Ter\u00e7a a Sexta: 11h30 \u00e1s 13h30, 18h \u00e1s 22h30 e S\u00e1bado: 11h \u00e1s 22h30<\/li>\n<li class=\"my-[5px] first:mt-0 last:mb-0\" data-copy-text=\"true\"><b><span dir=\"auto\" style=\"vertical-align: inherit;\"><span dir=\"auto\" style=\"vertical-align: inherit;\">Instagram<\/span><\/span><\/b><span dir=\"auto\" style=\"vertical-align: inherit;\"><span dir=\"auto\" style=\"vertical-align: inherit;\"> : <\/span><b><a href=\"https:\/\/www.instagram.com\/choperiageneralkuster\/?hl=en\" target=\"_blank\" rel=\"noopener\"><span dir=\"auto\" style=\"vertical-align: inherit;\">@choperiageneralkuster<\/span><\/a><\/b><\/span><\/li>\n<\/ul>\n<p><img loading=\"lazy\" decoding=\"async\" class=\"alignnone wp-image-9926 size-full\" title=\"Fotos Choperia General Kuster \" src=\"https:\/\/blog.unolar.com.br\/media\/unolar\/2025\/11\/Rascunhos-Blog-13-scaled.jpg\" alt=\"Fotos Choperia General Kuster\" width=\"2560\" height=\"1440\" \/><\/p>\n<\/div>\n<div class=\"hide-scrollbar markdown prose relative w-full max-w-none overflow-x-scroll break-words text-base leading-7 first:mt-0 prose-headings:first:mt-0 prose-strong:font-bold prose-thead:font-bold light:text-[#3E4247] dark:text-[#EBEBEB] prose-headings:light:text-[#3E4247]\"><\/div>\n<div class=\"hide-scrollbar markdown prose relative w-full max-w-none overflow-x-scroll break-words text-base leading-7 first:mt-0 prose-headings:first:mt-0 prose-strong:font-bold prose-thead:font-bold light:text-[#3E4247] dark:text-[#EBEBEB] prose-headings:light:text-[#3E4247]\">\n<div>\n<div>\n<h3 class=\"mb-2 mt-4 text-[1.25rem]\/[2rem] font-bold\"><strong><span dir=\"auto\" style=\"vertical-align: inherit;\"><span dir=\"auto\" style=\"vertical-align: inherit;\">Pizzaria Don Diovani<\/span><\/span><\/strong><span dir=\"auto\" style=\"vertical-align: inherit;\"><span dir=\"auto\" style=\"vertical-align: inherit;\"> \ud83c\udf55<\/span><\/span><\/h3>\n<\/div>\n<\/div>\n<\/div>\n<div class=\"hide-scrollbar markdown prose relative w-full max-w-none overflow-x-scroll break-words text-base leading-7 first:mt-0 prose-headings:first:mt-0 prose-strong:font-bold prose-thead:font-bold light:text-[#3E4247] dark:text-[#EBEBEB] prose-headings:light:text-[#3E4247]\">\n<div>\n<div>\n<p class=\"mb-3 mt-0\" data-copy-text=\"true\">A Don Diovani conquistou o t\u00edtulo de refer\u00eancia em pizzas na regi\u00e3o atrav\u00e9s de uma qualidade inquestion\u00e1vel que se manifesta em cada detalhe. A massa crocante, os ingredientes sempre frescos e o atendimento familiar criam uma experi\u00eancia que vai al\u00e9m de uma simples refei\u00e7\u00e3o, transformando cada visita em um momento especial.<\/p>\n<\/div>\n<\/div>\n<\/div>\n<div class=\"hide-scrollbar markdown prose relative w-full max-w-none overflow-x-scroll break-words text-base leading-7 first:mt-0 prose-headings:first:mt-0 prose-strong:font-bold prose-thead:font-bold light:text-[#3E4247] dark:text-[#EBEBEB] prose-headings:light:text-[#3E4247]\">\n<div>\n<div>\n<p class=\"mb-3 mt-0\" data-copy-text=\"true\">A pizzaria se destaca pela qualidade dos ingredientes e pela variedade de sabores que atendem desde os paladares mais tradicionais at\u00e9 os mais exigentes. A pizza de quatro queijos e a calabresa especial s\u00e3o verdadeiras obras de arte culin\u00e1rias que justificam a reputa\u00e7\u00e3o do estabelecimento. Os clientes frequentemente elogiam a consist\u00eancia da qualidade e o atendimento caloroso que faz toda a diferen\u00e7a na experi\u00eancia gastron\u00f4mica.<\/p>\n<\/div>\n<\/div>\n<\/div>\n<div class=\"hide-scrollbar markdown prose relative w-full max-w-none overflow-x-scroll break-words text-base leading-7 first:mt-0 prose-headings:first:mt-0 prose-strong:font-bold prose-thead:font-bold light:text-[#3E4247] dark:text-[#EBEBEB] prose-headings:light:text-[#3E4247]\">\n<div>\n<div>\n<ul class=\"mb-2 mt-0\">\n<li class=\"my-[5px] first:mt-0 last:mb-0\" data-copy-text=\"true\"><strong>Especialidade:<\/strong> Pizzas artesanais, com destaque para a pizza de quatro queijos e a calabresa especial.<\/li>\n<li class=\"my-[5px] first:mt-0 last:mb-0\" data-copy-text=\"true\"><strong>Ideal para:<\/strong> Jantar em fam\u00edlia ou a dois.<\/li>\n<li class=\"my-[5px] first:mt-0 last:mb-0\" data-copy-text=\"true\"><strong>Diferencial:<\/strong> Reconhecida como refer\u00eancia em pizzas na regi\u00e3o.<\/li>\n<\/ul>\n<\/div>\n<\/div>\n<\/div>\n<div class=\"hide-scrollbar markdown prose relative w-full max-w-none overflow-x-scroll break-words text-base leading-7 first:mt-0 prose-headings:first:mt-0 prose-strong:font-bold prose-thead:font-bold light:text-[#3E4247] dark:text-[#EBEBEB] prose-headings:light:text-[#3E4247]\">\n<div>\n<div>\n<p class=\"mb-3 mt-0\" data-copy-text=\"true\"><strong><span dir=\"auto\" style=\"vertical-align: inherit;\"><span dir=\"auto\" style=\"vertical-align: inherit;\">Informa\u00e7\u00f5es Pr\u00e1ticas:<\/span><\/span><\/strong><\/p>\n<\/div>\n<\/div>\n<\/div>\n<div class=\"hide-scrollbar markdown prose relative w-full max-w-none overflow-x-scroll break-words text-base leading-7 first:mt-0 prose-headings:first:mt-0 prose-strong:font-bold prose-thead:font-bold light:text-[#3E4247] dark:text-[#EBEBEB] prose-headings:light:text-[#3E4247]\">\n<div>\n<div>\n<ul class=\"mb-2 mt-0\">\n<li class=\"my-[5px] first:mt-0 last:mb-0\" data-copy-text=\"true\"><strong>Endere\u00e7o:<\/strong> Av. Emanoel Pinto, 893 &#8211; Centro, Balne\u00e1rio Pi\u00e7arras &#8211; SC, 88380-000<\/li>\n<li class=\"my-[5px] first:mt-0 last:mb-0\" data-copy-text=\"true\"><strong>Hor\u00e1rio de Funcionamento:<\/strong> Segunda a Quinta e Domingo: 18h30-23h Sexta e Sabado: 18h30-23h30. Ter\u00e7a : Fechado<\/li>\n<li class=\"my-[5px] first:mt-0 last:mb-0\" data-copy-text=\"true\"><b><span dir=\"auto\" style=\"vertical-align: inherit;\"><span dir=\"auto\" style=\"vertical-align: inherit;\">Instagram:\u00a0 <\/span><\/span><\/b><a href=\"https:\/\/www.instagram.com\/dondiovanioficial\/?hl=en\" target=\"_blank\" rel=\"noopener\"><span dir=\"auto\" style=\"vertical-align: inherit;\"><span dir=\"auto\" style=\"vertical-align: inherit;\">@dondiovanioficial<\/span><\/span><\/a><\/li>\n<\/ul>\n<p><img loading=\"lazy\" decoding=\"async\" class=\"alignnone wp-image-9927 size-full\" title=\"Fotos de Dom Diovani\" src=\"https:\/\/blog.unolar.com.br\/media\/unolar\/2025\/11\/Rascunhos-Blog-14-scaled.jpg\" alt=\"Fotos de Dom Diovani\" width=\"2560\" height=\"1440\" \/><\/p>\n<\/div>\n<\/div>\n<\/div>\n<div class=\"hide-scrollbar markdown prose relative w-full max-w-none overflow-x-scroll break-words text-base leading-7 first:mt-0 prose-headings:first:mt-0 prose-strong:font-bold prose-thead:font-bold light:text-[#3E4247] dark:text-[#EBEBEB] prose-headings:light:text-[#3E4247]\"><\/div>\n<div class=\"hide-scrollbar markdown prose relative w-full max-w-none overflow-x-scroll break-words text-base leading-7 first:mt-0 prose-headings:first:mt-0 prose-strong:font-bold prose-thead:font-bold light:text-[#3E4247] dark:text-[#EBEBEB] prose-headings:light:text-[#3E4247]\">\n<div>\n<div>\n<h3 class=\"mb-2 mt-4 text-[1.25rem]\/[2rem] font-bold\"><strong><span dir=\"auto\" style=\"vertical-align: inherit;\"><span dir=\"auto\" style=\"vertical-align: inherit;\">Paradise Beach<\/span><\/span><\/strong><span dir=\"auto\" style=\"vertical-align: inherit;\"><span dir=\"auto\" style=\"vertical-align: inherit;\">\u00a0\ud83c\udfd6\ufe0f<\/span><\/span><\/h3>\n<\/div>\n<\/div>\n<\/div>\n<div class=\"hide-scrollbar markdown prose relative w-full max-w-none overflow-x-scroll break-words text-base leading-7 first:mt-0 prose-headings:first:mt-0 prose-strong:font-bold prose-thead:font-bold light:text-[#3E4247] dark:text-[#EBEBEB] prose-headings:light:text-[#3E4247]\">\n<div>\n<div>\n<p class=\"mb-3 mt-0\" data-copy-text=\"true\">O Paradise Beach redefine o conceito de experi\u00eancia gastron\u00f4mica litor\u00e2nea ao permitir que voc\u00ea passe o dia inteiro desfrutando de gastronomia sofisticada, drinks autorais e entretenimento, tudo com uma vista espetacular do mar. \u00c9 o local ideal para quem n\u00e3o quer escolher entre boa comida e divers\u00e3o &#8211; voc\u00ea tem ambos em um ambiente moderno e elegante.<\/p>\n<\/div>\n<\/div>\n<\/div>\n<div class=\"hide-scrollbar markdown prose relative w-full max-w-none overflow-x-scroll break-words text-base leading-7 first:mt-0 prose-headings:first:mt-0 prose-strong:font-bold prose-thead:font-bold light:text-[#3E4247] dark:text-[#EBEBEB] prose-headings:light:text-[#3E4247]\">\n<div>\n<div>\n<p class=\"mb-3 mt-0\" data-copy-text=\"true\">Este estabelecimento representa o conceito contempor\u00e2neo de gastronomia litor\u00e2nea, unindo qualidade culin\u00e1ria com entretenimento de forma inovadora. Os frutos do mar grelhados e os coquet\u00e9is tropicais s\u00e3o preparados com t\u00e9cnicas contempor\u00e2neas que elevam cada sabor, criando uma experi\u00eancia gastron\u00f4mica que combina perfeitamente com o estilo de vida praiano. Os visitantes apreciam especialmente a proposta que permite desde um almo\u00e7o relaxante at\u00e9 eventos noturnos, sempre com servi\u00e7o de qualidade.<\/p>\n<\/div>\n<\/div>\n<\/div>\n<div class=\"hide-scrollbar markdown prose relative w-full max-w-none overflow-x-scroll break-words text-base leading-7 first:mt-0 prose-headings:first:mt-0 prose-strong:font-bold prose-thead:font-bold light:text-[#3E4247] dark:text-[#EBEBEB] prose-headings:light:text-[#3E4247]\">\n<div>\n<div>\n<ul class=\"mb-2 mt-0\">\n<li class=\"my-[5px] first:mt-0 last:mb-0\" data-copy-text=\"true\"><strong><span dir=\"auto\" style=\"vertical-align: inherit;\"><span dir=\"auto\" style=\"vertical-align: inherit;\">Especialidade:<\/span><\/span><\/strong><span dir=\"auto\" style=\"vertical-align: inherit;\"><span dir=\"auto\" style=\"vertical-align: inherit;\"> Culin\u00e1ria contempor\u00e2nea e drinks autorais, com destaque para os frutos do mar grelhados e coquet\u00e9is tropicais.<\/span><\/span><\/li>\n<li class=\"my-[5px] first:mt-0 last:mb-0\" data-copy-text=\"true\"><strong>Ideal para:<\/strong> Passar o dia na praia com estilo, eventos sociais.<\/li>\n<li class=\"my-[5px] first:mt-0 last:mb-0\" data-copy-text=\"true\"><strong>Diferencial:<\/strong> Conceito beach club com gastronomia sofisticada.<\/li>\n<\/ul>\n<\/div>\n<\/div>\n<\/div>\n<div class=\"hide-scrollbar markdown prose relative w-full max-w-none overflow-x-scroll break-words text-base leading-7 first:mt-0 prose-headings:first:mt-0 prose-strong:font-bold prose-thead:font-bold light:text-[#3E4247] dark:text-[#EBEBEB] prose-headings:light:text-[#3E4247]\">\n<div>\n<div>\n<p class=\"mb-3 mt-0\" data-copy-text=\"true\"><strong>Informa\u00e7\u00f5es Pr\u00e1ticas:<\/strong><\/p>\n<\/div>\n<\/div>\n<\/div>\n<div class=\"hide-scrollbar markdown prose relative w-full max-w-none overflow-x-scroll break-words text-base leading-7 first:mt-0 prose-headings:first:mt-0 prose-strong:font-bold prose-thead:font-bold light:text-[#3E4247] dark:text-[#EBEBEB] prose-headings:light:text-[#3E4247]\">\n<div>\n<div>\n<ul class=\"mb-2 mt-0\">\n<li class=\"my-[5px] first:mt-0 last:mb-0\" data-copy-text=\"true\"><strong><span dir=\"auto\" style=\"vertical-align: inherit;\"><span dir=\"auto\" style=\"vertical-align: inherit;\">Endere\u00e7o:<\/span><\/span><\/strong><span dir=\"auto\" style=\"vertical-align: inherit;\"><span dir=\"auto\" style=\"vertical-align: inherit;\"> Av. Jos\u00e9 Temist\u00f3cles de Macedo, 1975, Balne\u00e1rio Pi\u00e7arras &#8211; SC, 88380-000<\/span><\/span><\/li>\n<li class=\"my-[5px] first:mt-0 last:mb-0\" data-copy-text=\"true\"><strong>Hor\u00e1rio de Funcionamento:<\/strong> Segunda a domingo: 9h \u00e0s 20h;\u00a0 ter\u00e7a: fechado.<\/li>\n<li data-copy-text=\"true\"><strong><span dir=\"auto\" style=\"vertical-align: inherit;\"><span dir=\"auto\" style=\"vertical-align: inherit;\">Instagram: <\/span><\/span><\/strong><a href=\"https:\/\/www.instagram.com\/paradisebeachpicarras\/?hl=en\" target=\"_blank\" rel=\"noopener\"><span dir=\"auto\" style=\"vertical-align: inherit;\"><span dir=\"auto\" style=\"vertical-align: inherit;\">@paradisebeachpicarras<\/span><\/span><\/a><\/li>\n<\/ul>\n<p><img loading=\"lazy\" decoding=\"async\" class=\"alignnone wp-image-9928 size-full\" title=\"Fotos da Praia Para\u00edso\" src=\"https:\/\/blog.unolar.com.br\/media\/unolar\/2025\/11\/Rascunhos-Blog-15-scaled.jpg\" alt=\"Fotos da Praia Para\u00edso\" width=\"2560\" height=\"1440\" \/><\/p>\n<\/div>\n<\/div>\n<\/div>\n<div class=\"hide-scrollbar markdown prose relative w-full max-w-none overflow-x-scroll break-words text-base leading-7 first:mt-0 prose-headings:first:mt-0 prose-strong:font-bold prose-thead:font-bold light:text-[#3E4247] dark:text-[#EBEBEB] prose-headings:light:text-[#3E4247]\"><\/div>\n<div class=\"hide-scrollbar markdown prose relative w-full max-w-none overflow-x-scroll break-words text-base leading-7 first:mt-0 prose-headings:first:mt-0 prose-strong:font-bold prose-thead:font-bold light:text-[#3E4247] dark:text-[#EBEBEB] prose-headings:light:text-[#3E4247]\">\n<div>\n<div>\n<h2 class=\"mb-2 mt-4 text-[1.5rem]\/[2.25rem] font-bold\">Dicas Pr\u00e1ticas para Aproveitar a Gastronomia de Pi\u00e7arras<\/h2>\n<\/div>\n<\/div>\n<\/div>\n<div class=\"hide-scrollbar markdown prose relative w-full max-w-none overflow-x-scroll break-words text-base leading-7 first:mt-0 prose-headings:first:mt-0 prose-strong:font-bold prose-thead:font-bold light:text-[#3E4247] dark:text-[#EBEBEB] prose-headings:light:text-[#3E4247]\">\n<div>\n<div>\n<h3 class=\"mb-2 mt-4 text-[1.25rem]\/[2rem] font-bold\"><strong>Planejamento da Visita<\/strong><\/h3>\n<\/div>\n<\/div>\n<\/div>\n<div class=\"hide-scrollbar markdown prose relative w-full max-w-none overflow-x-scroll break-words text-base leading-7 first:mt-0 prose-headings:first:mt-0 prose-strong:font-bold prose-thead:font-bold light:text-[#3E4247] dark:text-[#EBEBEB] prose-headings:light:text-[#3E4247]\">\n<div>\n<div>\n<ol class=\"mb-2 mt-0\">\n<li class=\"my-[5px] first:mt-0 last:mb-0\" data-copy-text=\"true\"><strong><span dir=\"auto\" style=\"vertical-align: inherit;\"><span dir=\"auto\" style=\"vertical-align: inherit;\">Reservas Antecipadas:<\/span><\/span><\/strong><span dir=\"auto\" style=\"vertical-align: inherit;\"><span dir=\"auto\" style=\"vertical-align: inherit;\"> Durante a alta temporada (dezembro a mar\u00e7o), \u00e9 recomend\u00e1vel fazer reservas, especialmente nos finais de semana.<\/span><\/span><\/li>\n<li class=\"my-[5px] first:mt-0 last:mb-0\" data-copy-text=\"true\"><strong>Hor\u00e1rios de Funcionamento:<\/strong> Sempre confirme os hor\u00e1rios antes da visita, pois podem variar conforme a temporada.<\/li>\n<li class=\"my-[5px] first:mt-0 last:mb-0\" data-copy-text=\"true\"><strong>Formas de Pagamento:<\/strong> Verifique as op\u00e7\u00f5es aceitas por cada estabelecimento.<\/li>\n<\/ol>\n<\/div>\n<\/div>\n<\/div>\n<div class=\"hide-scrollbar markdown prose relative w-full max-w-none overflow-x-scroll break-words text-base leading-7 first:mt-0 prose-headings:first:mt-0 prose-strong:font-bold prose-thead:font-bold light:text-[#3E4247] dark:text-[#EBEBEB] prose-headings:light:text-[#3E4247]\">\n<div>\n<div>\n<h3 class=\"mb-2 mt-4 text-[1.25rem]\/[2rem] font-bold\"><strong>Experi\u00eancias Gastron\u00f4micas por Ocasi\u00e3o<\/strong><\/h3>\n<\/div>\n<\/div>\n<\/div>\n<div class=\"hide-scrollbar markdown prose relative w-full max-w-none overflow-x-scroll break-words text-base leading-7 first:mt-0 prose-headings:first:mt-0 prose-strong:font-bold prose-thead:font-bold light:text-[#3E4247] dark:text-[#EBEBEB] prose-headings:light:text-[#3E4247]\">\n<div>\n<div>\n<p class=\"mb-3 mt-0\" data-copy-text=\"true\"><strong>Para Almo\u00e7os em Fam\u00edlia:<\/strong><\/p>\n<\/div>\n<\/div>\n<\/div>\n<div class=\"hide-scrollbar markdown prose relative w-full max-w-none overflow-x-scroll break-words text-base leading-7 first:mt-0 prose-headings:first:mt-0 prose-strong:font-bold prose-thead:font-bold light:text-[#3E4247] dark:text-[#EBEBEB] prose-headings:light:text-[#3E4247]\">\n<div>\n<div>\n<ul class=\"mb-2 mt-0\">\n<li class=\"my-[5px] first:mt-0 last:mb-0\" data-copy-text=\"true\">Restaurante do Capit\u00e3o (frutos do mar tradicionais com por\u00e7\u00f5es generosas)<\/li>\n<li class=\"my-[5px] first:mt-0 last:mb-0\" data-copy-text=\"true\"><span dir=\"auto\" style=\"vertical-align: inherit;\"><span dir=\"auto\" style=\"vertical-align: inherit;\">Tutty&#8217;s (um buffet variado que agrada a todos)<\/span><\/span><\/li>\n<\/ul>\n<\/div>\n<\/div>\n<\/div>\n<div class=\"hide-scrollbar markdown prose relative w-full max-w-none overflow-x-scroll break-words text-base leading-7 first:mt-0 prose-headings:first:mt-0 prose-strong:font-bold prose-thead:font-bold light:text-[#3E4247] dark:text-[#EBEBEB] prose-headings:light:text-[#3E4247]\">\n<div>\n<div>\n<p class=\"mb-3 mt-0\" data-copy-text=\"true\"><strong><span dir=\"auto\" style=\"vertical-align: inherit;\"><span dir=\"auto\" style=\"vertical-align: inherit;\">Para o Happy Hour:<\/span><\/span><\/strong><\/p>\n<\/div>\n<\/div>\n<\/div>\n<div class=\"hide-scrollbar markdown prose relative w-full max-w-none overflow-x-scroll break-words text-base leading-7 first:mt-0 prose-headings:first:mt-0 prose-strong:font-bold prose-thead:font-bold light:text-[#3E4247] dark:text-[#EBEBEB] prose-headings:light:text-[#3E4247]\">\n<div>\n<div>\n<ul class=\"mb-2 mt-0\">\n<li class=\"my-[5px] first:mt-0 last:mb-0\" data-copy-text=\"true\"><span dir=\"auto\" style=\"vertical-align: inherit;\"><span dir=\"auto\" style=\"vertical-align: inherit;\">Tampa Restaurante e Petisqueira (vista privilegiada para o por do sol)<\/span><\/span><\/li>\n<li class=\"my-[5px] first:mt-0 last:mb-0\" data-copy-text=\"true\">General Kuster (chopp gelado e ambiente descontra\u00eddo)<\/li>\n<\/ul>\n<\/div>\n<\/div>\n<\/div>\n<div class=\"hide-scrollbar markdown prose relative w-full max-w-none overflow-x-scroll break-words text-base leading-7 first:mt-0 prose-headings:first:mt-0 prose-strong:font-bold prose-thead:font-bold light:text-[#3E4247] dark:text-[#EBEBEB] prose-headings:light:text-[#3E4247]\">\n<div>\n<div>\n<p class=\"mb-3 mt-0\" data-copy-text=\"true\"><strong>Para Jantares Rom\u00e2nticos:<\/strong><\/p>\n<\/div>\n<\/div>\n<\/div>\n<div class=\"hide-scrollbar markdown prose relative w-full max-w-none overflow-x-scroll break-words text-base leading-7 first:mt-0 prose-headings:first:mt-0 prose-strong:font-bold prose-thead:font-bold light:text-[#3E4247] dark:text-[#EBEBEB] prose-headings:light:text-[#3E4247]\">\n<div>\n<div>\n<ul class=\"mb-2 mt-0\">\n<li class=\"my-[5px] first:mt-0 last:mb-0\" data-copy-text=\"true\">Yallah (culin\u00e1ria ex\u00f3tica com mesas externas)<\/li>\n<li class=\"my-[5px] first:mt-0 last:mb-0\" data-copy-text=\"true\">Pi\u00e7arras Station63 (ambiente sofisticado com vinhos)<\/li>\n<\/ul>\n<\/div>\n<\/div>\n<\/div>\n<div class=\"hide-scrollbar markdown prose relative w-full max-w-none overflow-x-scroll break-words text-base leading-7 first:mt-0 prose-headings:first:mt-0 prose-strong:font-bold prose-thead:font-bold light:text-[#3E4247] dark:text-[#EBEBEB] prose-headings:light:text-[#3E4247]\">\n<div>\n<div>\n<p class=\"mb-3 mt-0\" data-copy-text=\"true\"><strong><span dir=\"auto\" style=\"vertical-align: inherit;\"><span dir=\"auto\" style=\"vertical-align: inherit;\"><span dir=\"auto\" style=\"vertical-align: inherit;\"><span dir=\"auto\" style=\"vertical-align: inherit;\">Para grupos de amigos:<\/span><\/span><\/span><\/span><\/strong><\/p>\n<\/div>\n<\/div>\n<\/div>\n<div class=\"hide-scrollbar markdown prose relative w-full max-w-none overflow-x-scroll break-words text-base leading-7 first:mt-0 prose-headings:first:mt-0 prose-strong:font-bold prose-thead:font-bold light:text-[#3E4247] dark:text-[#EBEBEB] prose-headings:light:text-[#3E4247]\">\n<div>\n<div>\n<ul class=\"mb-2 mt-0\">\n<li class=\"my-[5px] first:mt-0 last:mb-0\" data-copy-text=\"true\">Pra\u00e7a Rippa (variedade para todos os gostos)<\/li>\n<li class=\"my-[5px] first:mt-0 last:mb-0\" data-copy-text=\"true\">Paradise Beach (entretenimento e gastronomia)<\/li>\n<\/ul>\n<\/div>\n<\/div>\n<\/div>\n<div class=\"hide-scrollbar markdown prose relative w-full max-w-none overflow-x-scroll break-words text-base leading-7 first:mt-0 prose-headings:first:mt-0 prose-strong:font-bold prose-thead:font-bold light:text-[#3E4247] dark:text-[#EBEBEB] prose-headings:light:text-[#3E4247]\">\n<div>\n<div>\n<h2 class=\"mb-2 mt-4 text-[1.5rem]\/[2.25rem] font-bold\">O Crescimento Gastron\u00f4mico de Balne\u00e1rio Pi\u00e7arras<\/h2>\n<\/div>\n<\/div>\n<\/div>\n<div class=\"hide-scrollbar markdown prose relative w-full max-w-none overflow-x-scroll break-words text-base leading-7 first:mt-0 prose-headings:first:mt-0 prose-strong:font-bold prose-thead:font-bold light:text-[#3E4247] dark:text-[#EBEBEB] prose-headings:light:text-[#3E4247]\">\n<div>\n<div>\n<p class=\"mb-3 mt-0\" data-copy-text=\"true\">O desenvolvimento gastron\u00f4mico de Balne\u00e1rio Pi\u00e7arras acompanha o crescimento tur\u00edstico e imobili\u00e1rio da cidade. Com o aumento de 18% no volume de vendas de im\u00f3veis m\u00e9dio\/alto padr\u00e3o em 2023, a demanda por estabelecimentos de qualidade tamb\u00e9m cresceu, resultando em uma oferta gastron\u00f4mica cada vez mais diversificada e sofisticada.<\/p>\n<\/div>\n<\/div>\n<\/div>\n<div class=\"hide-scrollbar markdown prose relative w-full max-w-none overflow-x-scroll break-words text-base leading-7 first:mt-0 prose-headings:first:mt-0 prose-strong:font-bold prose-thead:font-bold light:text-[#3E4247] dark:text-[#EBEBEB] prose-headings:light:text-[#3E4247]\">\n<div>\n<div>\n<p class=\"mb-3 mt-0\" data-copy-text=\"true\">A cidade, que recebeu a certifica\u00e7\u00e3o Bandeira Azul, demonstra seu compromisso com a qualidade em todos os aspectos, incluindo a gastronomia. Este reconhecimento internacional reflete-se na preocupa\u00e7\u00e3o dos estabelecimentos locais em oferecer experi\u00eancias de alta qualidade para moradores e visitantes.<\/p>\n<p><strong>Quer descobrir mais tesouros gastron\u00f4micos do litoral?<\/strong> Confira tamb\u00e9m nossos artigos sobre os melhores restaurantes de <a href=\"https:\/\/blog.unolar.com.br\/blog\/barra-velha\/guia-os-10-melhores-restaurantes-em-barra-velha\/\" target=\"_blank\" rel=\"noopener\">Barra Velha<\/a> e <a href=\"https:\/\/blog.unolar.com.br\/blog\/penha\/guia-os-10-melhores-restaurantes-em-penha\/\" target=\"_blank\" rel=\"noopener\">Penha<\/a> para explorar toda a riqueza culin\u00e1ria da regi\u00e3o.<\/p>\n<\/div>\n<\/div>\n<\/div>\n<div class=\"hide-scrollbar markdown prose relative w-full max-w-none overflow-x-scroll break-words text-base leading-7 first:mt-0 prose-headings:first:mt-0 prose-strong:font-bold prose-thead:font-bold light:text-[#3E4247] dark:text-[#EBEBEB] prose-headings:light:text-[#3E4247]\">\n<div>\n<div>\n<h2 class=\"mb-2 mt-4 text-[1.5rem]\/[2.25rem] font-bold\">Conclus\u00e3o: Sabores que Definem um Estilo de Vida<\/h2>\n<\/div>\n<\/div>\n<\/div>\n<div class=\"hide-scrollbar markdown prose relative w-full max-w-none overflow-x-scroll break-words text-base leading-7 first:mt-0 prose-headings:first:mt-0 prose-strong:font-bold prose-thead:font-bold light:text-[#3E4247] dark:text-[#EBEBEB] prose-headings:light:text-[#3E4247]\">\n<div>\n<div>\n<p class=\"mb-3 mt-0\" data-copy-text=\"true\">Balne\u00e1rio Pi\u00e7arras oferece op\u00e7\u00f5es gastron\u00f4micas para todos os momentos e paladares, desde o tradicional &#8220;p\u00e9 na areia&#8221; at\u00e9 experi\u00eancias culin\u00e1rias sofisticadas. A diversidade de restaurantes reflete o crescimento e a maturidade da cidade como destino tur\u00edstico e residencial de qualidade.<\/p>\n<\/div>\n<\/div>\n<\/div>\n<div class=\"hide-scrollbar markdown prose relative w-full max-w-none overflow-x-scroll break-words text-base leading-7 first:mt-0 prose-headings:first:mt-0 prose-strong:font-bold prose-thead:font-bold light:text-[#3E4247] dark:text-[#EBEBEB] prose-headings:light:text-[#3E4247]\">\n<div>\n<div>\n<p class=\"mb-3 mt-0\" data-copy-text=\"true\">A rica oferta gastron\u00f4mica, combinada com as belezas naturais e a infraestrutura em constante desenvolvimento, posiciona Pi\u00e7arras como uma cidade completa, onde moradores e visitantes encontram tudo o que precisam para uma vida plena e satisfat\u00f3ria.<\/p>\n<\/div>\n<\/div>\n<\/div>\n<div class=\"hide-scrollbar markdown prose relative w-full max-w-none overflow-x-scroll break-words text-base leading-7 first:mt-0 prose-headings:first:mt-0 prose-strong:font-bold prose-thead:font-bold light:text-[#3E4247] dark:text-[#EBEBEB] prose-headings:light:text-[#3E4247]\">\n<div>\n<div>\n<blockquote class=\"my-5 border-l-2 py-2 pl-3 font-normal light:border-[#303030] light:text-[#303030] dark:border-[#EBEBEB] dark:text-[#EBEBEB] [&amp;_p]:mb-0\">\n<p class=\"mb-3 mt-0\" data-copy-text=\"true\"><strong>Dica Importante:<\/strong> Os hor\u00e1rios de funcionamento podem variar conforme a temporada e eventos especiais. Sempre confirme as informa\u00e7\u00f5es antes de visitar os estabelecimentos.<\/p>\n<\/blockquote>\n<\/div>\n<\/div>\n<\/div>\n<div class=\"hide-scrollbar markdown prose relative w-full max-w-none overflow-x-scroll break-words text-base leading-7 first:mt-0 prose-headings:first:mt-0 prose-strong:font-bold prose-thead:font-bold light:text-[#3E4247] dark:text-[#EBEBEB] prose-headings:light:text-[#3E4247]\">\n<div>\n<div>\n<p class=\"mb-3 mt-0\" data-copy-text=\"true\"><strong>Gostou de conhecer os sabores de Balne\u00e1rio Pi\u00e7arras?<\/strong> A cidade tem muito mais a oferecer al\u00e9m da excelente gastronomia. Se voc\u00ea sonha em morar neste para\u00edso, onde praias premiadas se encontram com uma rica diversidade culin\u00e1ria, <strong><a href=\"https:\/\/wa.me\/+5547996963961\">fale com a Unolar<\/a> e <a href=\"https:\/\/blog.unolar.com.br\/venda\/residencial_comercial\/balneario-pi%C3%A7arras\/\" target=\"_blank\" rel=\"noopener\">encontre o im\u00f3vel perfeito para o seu estilo de vida<\/a><\/strong>. Nossa equipe especializada em Matem\u00e1tica Imobili\u00e1ria pode projetar exatamente como um investimento em Pi\u00e7arras pode proporcionar n\u00e3o apenas qualidade de vida, mas tamb\u00e9m excelente rentabilidade. <strong>Agende sua consultoria gratuita e descubra as oportunidades que este mercado em crescimento oferece.<\/strong><\/p>\n<p><strong>Informamos que a lista dos principais restaurantes presente nesse artigo, foi feita com base nas avalia\u00e7\u00f5es do Google e por experi\u00eancias vivenciadas pelo time da nossa\u00a0Imobili\u00e1ria.<\/strong><\/p>\n<\/div>\n<\/div>\n<\/div>\n","protected":false},"excerpt":{"rendered":"<p>Balne\u00e1rio Pi\u00e7arras \u00e9 um destino encantador que oferece n\u00e3o apenas praias deslumbrantes, mas tamb\u00e9m uma rica variedade gastron\u00f4mica que conquista moradores e visitantes. A cidade abriga diversos restaurantes que atendem a todos os gostos e ocasi\u00f5es, desde o tradicional &#8220;p\u00e9 na areia&#8221; at\u00e9 experi\u00eancias culin\u00e1rias sofisticadas. Reconhecida pela Bandeira Azul e pela valoriza\u00e7\u00e3o imobili\u00e1ria, Balne\u00e1rio [&hellip;]<\/p>\n","protected":false},"author":2,"featured_media":9929,"comment_status":"closed","ping_status":"open","sticky":false,"template":"","format":"standard","meta":{"footnotes":""},"categories":[29,20],"tags":[38,16,19,32,3,15,4,5,7],"class_list":["post-9915","post","type-post","status-publish","format-standard","has-post-thumbnail","hentry","category-informativo","category-picarras","tag-restaurantes","tag-apartamento","tag-praia","tag-apartamento-na-planta","tag-balneario-picarras","tag-imoveis","tag-investimentos-imobiliarios","tag-picarras","tag-selo-bandeira-azul"],"yoast_head":"<!-- This site is optimized with the Yoast SEO plugin v27.5 - https:\/\/yoast.com\/product\/yoast-seo-wordpress\/ -->\n<title>Guia: Os 10 Melhores Restaurantes em Balne\u00e1rio Pi\u00e7arras - Blog Unolar Im\u00f3veis<\/title>\n<meta name=\"description\" content=\"Descubra os melhores restaurantes de Balne\u00e1rio Pi\u00e7arras em 2025. Guia completo com frutos do mar, culin\u00e1ria internacional e dicas pr\u00e1ticas.\" \/>\n<meta name=\"robots\" content=\"noindex, follow, max-snippet:-1, max-image-preview:large, max-video-preview:-1\" \/>\n<meta property=\"og:locale\" content=\"pt_BR\" \/>\n<meta property=\"og:type\" content=\"article\" \/>\n<meta property=\"og:title\" content=\"Guia: Os 10 Melhores Restaurantes em Balne\u00e1rio Pi\u00e7arras - Blog Unolar Im\u00f3veis\" \/>\n<meta property=\"og:description\" content=\"Descubra os melhores restaurantes de Balne\u00e1rio Pi\u00e7arras em 2025. Guia completo com frutos do mar, culin\u00e1ria internacional e dicas pr\u00e1ticas.\" \/>\n<meta property=\"og:url\" content=\"https:\/\/blog.unolar.com.br\/?p=9915\" \/>\n<meta property=\"og:site_name\" content=\"Blog Unolar Im\u00f3veis\" \/>\n<meta property=\"article:publisher\" content=\"https:\/\/www.facebook.com\/UnolarImoveis\/\" \/>\n<meta property=\"article:published_time\" content=\"2025-11-25T21:39:21+00:00\" \/>\n<meta property=\"og:image\" content=\"https:\/\/blog.unolar.com.br\/wp-content\/uploads\/2025\/11\/image-gen-8.jpg\" \/>\n\t<meta property=\"og:image:width\" content=\"1472\" \/>\n\t<meta property=\"og:image:height\" content=\"832\" \/>\n\t<meta property=\"og:image:type\" content=\"image\/jpeg\" \/>\n<meta name=\"author\" content=\"Thiago Cardoso\" \/>\n<meta name=\"twitter:card\" content=\"summary_large_image\" \/>\n<meta name=\"twitter:label1\" content=\"Escrito por\" \/>\n\t<meta name=\"twitter:data1\" content=\"Thiago Cardoso\" \/>\n\t<meta name=\"twitter:label2\" content=\"Est. tempo de leitura\" \/>\n\t<meta name=\"twitter:data2\" content=\"13 minutos\" \/>\n<script type=\"application\/ld+json\" class=\"yoast-schema-graph\">{\"@context\":\"https:\\\/\\\/schema.org\",\"@graph\":[{\"@type\":\"Article\",\"@id\":\"https:\\\/\\\/blog.unolar.com.br\\\/?p=9915#article\",\"isPartOf\":{\"@id\":\"https:\\\/\\\/blog.unolar.com.br\\\/?p=9915\"},\"author\":{\"name\":\"Thiago Cardoso\",\"@id\":\"https:\\\/\\\/blog.unolar.com.br\\\/#\\\/schema\\\/person\\\/bf49a80aaec5a67823f2e2289c091f0b\"},\"headline\":\"Guia: Os 10 Melhores Restaurantes em Balne\u00e1rio Pi\u00e7arras\",\"datePublished\":\"2025-11-25T21:39:21+00:00\",\"mainEntityOfPage\":{\"@id\":\"https:\\\/\\\/blog.unolar.com.br\\\/?p=9915\"},\"wordCount\":2694,\"publisher\":{\"@id\":\"https:\\\/\\\/blog.unolar.com.br\\\/#organization\"},\"image\":{\"@id\":\"https:\\\/\\\/blog.unolar.com.br\\\/?p=9915#primaryimage\"},\"thumbnailUrl\":\"https:\\\/\\\/blog.unolar.com.br\\\/wp-content\\\/uploads\\\/2025\\\/11\\\/image-gen-8.jpg\",\"keywords\":[\"@restaurantes\",\"#apartamento\",\"#praia\",\"apartamento na planta\",\"balne\u00e1rio pi\u00e7arras\",\"imoveis\",\"investimentos imobiliarios\",\"pi\u00e7arras\",\"selo bandeira azul\"],\"articleSection\":[\"Informativo\",\"Pi\u00e7arras\"],\"inLanguage\":\"pt-BR\"},{\"@type\":\"WebPage\",\"@id\":\"https:\\\/\\\/blog.unolar.com.br\\\/?p=9915\",\"url\":\"https:\\\/\\\/blog.unolar.com.br\\\/?p=9915\",\"name\":\"Guia: Os 10 Melhores Restaurantes em Balne\u00e1rio Pi\u00e7arras - Blog Unolar Im\u00f3veis\",\"isPartOf\":{\"@id\":\"https:\\\/\\\/blog.unolar.com.br\\\/#website\"},\"primaryImageOfPage\":{\"@id\":\"https:\\\/\\\/blog.unolar.com.br\\\/?p=9915#primaryimage\"},\"image\":{\"@id\":\"https:\\\/\\\/blog.unolar.com.br\\\/?p=9915#primaryimage\"},\"thumbnailUrl\":\"https:\\\/\\\/blog.unolar.com.br\\\/wp-content\\\/uploads\\\/2025\\\/11\\\/image-gen-8.jpg\",\"datePublished\":\"2025-11-25T21:39:21+00:00\",\"description\":\"Descubra os melhores restaurantes de Balne\u00e1rio Pi\u00e7arras em 2025. Guia completo com frutos do mar, culin\u00e1ria internacional e dicas pr\u00e1ticas.\",\"breadcrumb\":{\"@id\":\"https:\\\/\\\/blog.unolar.com.br\\\/?p=9915#breadcrumb\"},\"inLanguage\":\"pt-BR\",\"potentialAction\":[{\"@type\":\"ReadAction\",\"target\":[\"https:\\\/\\\/blog.unolar.com.br\\\/?p=9915\"]}]},{\"@type\":\"ImageObject\",\"inLanguage\":\"pt-BR\",\"@id\":\"https:\\\/\\\/blog.unolar.com.br\\\/?p=9915#primaryimage\",\"url\":\"https:\\\/\\\/blog.unolar.com.br\\\/wp-content\\\/uploads\\\/2025\\\/11\\\/image-gen-8.jpg\",\"contentUrl\":\"https:\\\/\\\/blog.unolar.com.br\\\/wp-content\\\/uploads\\\/2025\\\/11\\\/image-gen-8.jpg\",\"width\":1472,\"height\":832},{\"@type\":\"BreadcrumbList\",\"@id\":\"https:\\\/\\\/blog.unolar.com.br\\\/?p=9915#breadcrumb\",\"itemListElement\":[{\"@type\":\"ListItem\",\"position\":1,\"name\":\"In\u00edcio\",\"item\":\"https:\\\/\\\/blog.unolar.com.br\\\/\"},{\"@type\":\"ListItem\",\"position\":2,\"name\":\"Guia: Os 10 Melhores Restaurantes em Balne\u00e1rio Pi\u00e7arras\"}]},{\"@type\":\"WebSite\",\"@id\":\"https:\\\/\\\/blog.unolar.com.br\\\/#website\",\"url\":\"https:\\\/\\\/blog.unolar.com.br\\\/\",\"name\":\"Blog Unolar Im\u00f3veis\",\"description\":\"\",\"publisher\":{\"@id\":\"https:\\\/\\\/blog.unolar.com.br\\\/#organization\"},\"potentialAction\":[{\"@type\":\"SearchAction\",\"target\":{\"@type\":\"EntryPoint\",\"urlTemplate\":\"https:\\\/\\\/blog.unolar.com.br\\\/?s={search_term_string}\"},\"query-input\":{\"@type\":\"PropertyValueSpecification\",\"valueRequired\":true,\"valueName\":\"search_term_string\"}}],\"inLanguage\":\"pt-BR\"},{\"@type\":\"Organization\",\"@id\":\"https:\\\/\\\/blog.unolar.com.br\\\/#organization\",\"name\":\"Blog Unolar Im\u00f3veis\",\"url\":\"https:\\\/\\\/blog.unolar.com.br\\\/\",\"logo\":{\"@type\":\"ImageObject\",\"inLanguage\":\"pt-BR\",\"@id\":\"https:\\\/\\\/blog.unolar.com.br\\\/#\\\/schema\\\/logo\\\/image\\\/\",\"url\":\"https:\\\/\\\/blog.unolar.com.br\\\/wp-content\\\/uploads\\\/2026\\\/04\\\/Icone-1.png\",\"contentUrl\":\"https:\\\/\\\/blog.unolar.com.br\\\/wp-content\\\/uploads\\\/2026\\\/04\\\/Icone-1.png\",\"width\":1001,\"height\":1001,\"caption\":\"Blog Unolar Im\u00f3veis\"},\"image\":{\"@id\":\"https:\\\/\\\/blog.unolar.com.br\\\/#\\\/schema\\\/logo\\\/image\\\/\"},\"sameAs\":[\"https:\\\/\\\/www.facebook.com\\\/UnolarImoveis\\\/\",\"https:\\\/\\\/www.instagram.com\\\/unolarimoveis\"]},{\"@type\":\"Person\",\"@id\":\"https:\\\/\\\/blog.unolar.com.br\\\/#\\\/schema\\\/person\\\/bf49a80aaec5a67823f2e2289c091f0b\",\"name\":\"Thiago Cardoso\",\"image\":{\"@type\":\"ImageObject\",\"inLanguage\":\"pt-BR\",\"@id\":\"https:\\\/\\\/secure.gravatar.com\\\/avatar\\\/1842d6c0841ac911719ccca153f7aa284b806975c71a770831acd69509733002?s=96&d=mm&r=g\",\"url\":\"https:\\\/\\\/secure.gravatar.com\\\/avatar\\\/1842d6c0841ac911719ccca153f7aa284b806975c71a770831acd69509733002?s=96&d=mm&r=g\",\"contentUrl\":\"https:\\\/\\\/secure.gravatar.com\\\/avatar\\\/1842d6c0841ac911719ccca153f7aa284b806975c71a770831acd69509733002?s=96&d=mm&r=g\",\"caption\":\"Thiago Cardoso\"},\"sameAs\":[\"http:\\\/\\\/unolar.com.br\"],\"url\":\"https:\\\/\\\/blog.unolar.com.br\\\/?author=2\"}]}<\/script>\n<!-- \/ Yoast SEO plugin. -->","yoast_head_json":{"title":"Guia: Os 10 Melhores Restaurantes em Balne\u00e1rio Pi\u00e7arras - Blog Unolar Im\u00f3veis","description":"Descubra os melhores restaurantes de Balne\u00e1rio Pi\u00e7arras em 2025. Guia completo com frutos do mar, culin\u00e1ria internacional e dicas pr\u00e1ticas.","robots":{"index":"noindex","follow":"follow","max-snippet":"max-snippet:-1","max-image-preview":"max-image-preview:large","max-video-preview":"max-video-preview:-1"},"og_locale":"pt_BR","og_type":"article","og_title":"Guia: Os 10 Melhores Restaurantes em Balne\u00e1rio Pi\u00e7arras - Blog Unolar Im\u00f3veis","og_description":"Descubra os melhores restaurantes de Balne\u00e1rio Pi\u00e7arras em 2025. Guia completo com frutos do mar, culin\u00e1ria internacional e dicas pr\u00e1ticas.","og_url":"https:\/\/blog.unolar.com.br\/?p=9915","og_site_name":"Blog Unolar Im\u00f3veis","article_publisher":"https:\/\/www.facebook.com\/UnolarImoveis\/","article_published_time":"2025-11-25T21:39:21+00:00","og_image":[{"width":1472,"height":832,"url":"https:\/\/blog.unolar.com.br\/wp-content\/uploads\/2025\/11\/image-gen-8.jpg","type":"image\/jpeg"}],"author":"Thiago Cardoso","twitter_card":"summary_large_image","twitter_misc":{"Escrito por":"Thiago Cardoso","Est. tempo de leitura":"13 minutos"},"schema":{"@context":"https:\/\/schema.org","@graph":[{"@type":"Article","@id":"https:\/\/blog.unolar.com.br\/?p=9915#article","isPartOf":{"@id":"https:\/\/blog.unolar.com.br\/?p=9915"},"author":{"name":"Thiago Cardoso","@id":"https:\/\/blog.unolar.com.br\/#\/schema\/person\/bf49a80aaec5a67823f2e2289c091f0b"},"headline":"Guia: Os 10 Melhores Restaurantes em Balne\u00e1rio Pi\u00e7arras","datePublished":"2025-11-25T21:39:21+00:00","mainEntityOfPage":{"@id":"https:\/\/blog.unolar.com.br\/?p=9915"},"wordCount":2694,"publisher":{"@id":"https:\/\/blog.unolar.com.br\/#organization"},"image":{"@id":"https:\/\/blog.unolar.com.br\/?p=9915#primaryimage"},"thumbnailUrl":"https:\/\/blog.unolar.com.br\/wp-content\/uploads\/2025\/11\/image-gen-8.jpg","keywords":["@restaurantes","#apartamento","#praia","apartamento na planta","balne\u00e1rio pi\u00e7arras","imoveis","investimentos imobiliarios","pi\u00e7arras","selo bandeira azul"],"articleSection":["Informativo","Pi\u00e7arras"],"inLanguage":"pt-BR"},{"@type":"WebPage","@id":"https:\/\/blog.unolar.com.br\/?p=9915","url":"https:\/\/blog.unolar.com.br\/?p=9915","name":"Guia: Os 10 Melhores Restaurantes em Balne\u00e1rio Pi\u00e7arras - Blog Unolar Im\u00f3veis","isPartOf":{"@id":"https:\/\/blog.unolar.com.br\/#website"},"primaryImageOfPage":{"@id":"https:\/\/blog.unolar.com.br\/?p=9915#primaryimage"},"image":{"@id":"https:\/\/blog.unolar.com.br\/?p=9915#primaryimage"},"thumbnailUrl":"https:\/\/blog.unolar.com.br\/wp-content\/uploads\/2025\/11\/image-gen-8.jpg","datePublished":"2025-11-25T21:39:21+00:00","description":"Descubra os melhores restaurantes de Balne\u00e1rio Pi\u00e7arras em 2025. Guia completo com frutos do mar, culin\u00e1ria internacional e dicas pr\u00e1ticas.","breadcrumb":{"@id":"https:\/\/blog.unolar.com.br\/?p=9915#breadcrumb"},"inLanguage":"pt-BR","potentialAction":[{"@type":"ReadAction","target":["https:\/\/blog.unolar.com.br\/?p=9915"]}]},{"@type":"ImageObject","inLanguage":"pt-BR","@id":"https:\/\/blog.unolar.com.br\/?p=9915#primaryimage","url":"https:\/\/blog.unolar.com.br\/wp-content\/uploads\/2025\/11\/image-gen-8.jpg","contentUrl":"https:\/\/blog.unolar.com.br\/wp-content\/uploads\/2025\/11\/image-gen-8.jpg","width":1472,"height":832},{"@type":"BreadcrumbList","@id":"https:\/\/blog.unolar.com.br\/?p=9915#breadcrumb","itemListElement":[{"@type":"ListItem","position":1,"name":"In\u00edcio","item":"https:\/\/blog.unolar.com.br\/"},{"@type":"ListItem","position":2,"name":"Guia: Os 10 Melhores Restaurantes em Balne\u00e1rio Pi\u00e7arras"}]},{"@type":"WebSite","@id":"https:\/\/blog.unolar.com.br\/#website","url":"https:\/\/blog.unolar.com.br\/","name":"Blog Unolar Im\u00f3veis","description":"","publisher":{"@id":"https:\/\/blog.unolar.com.br\/#organization"},"potentialAction":[{"@type":"SearchAction","target":{"@type":"EntryPoint","urlTemplate":"https:\/\/blog.unolar.com.br\/?s={search_term_string}"},"query-input":{"@type":"PropertyValueSpecification","valueRequired":true,"valueName":"search_term_string"}}],"inLanguage":"pt-BR"},{"@type":"Organization","@id":"https:\/\/blog.unolar.com.br\/#organization","name":"Blog Unolar Im\u00f3veis","url":"https:\/\/blog.unolar.com.br\/","logo":{"@type":"ImageObject","inLanguage":"pt-BR","@id":"https:\/\/blog.unolar.com.br\/#\/schema\/logo\/image\/","url":"https:\/\/blog.unolar.com.br\/wp-content\/uploads\/2026\/04\/Icone-1.png","contentUrl":"https:\/\/blog.unolar.com.br\/wp-content\/uploads\/2026\/04\/Icone-1.png","width":1001,"height":1001,"caption":"Blog Unolar Im\u00f3veis"},"image":{"@id":"https:\/\/blog.unolar.com.br\/#\/schema\/logo\/image\/"},"sameAs":["https:\/\/www.facebook.com\/UnolarImoveis\/","https:\/\/www.instagram.com\/unolarimoveis"]},{"@type":"Person","@id":"https:\/\/blog.unolar.com.br\/#\/schema\/person\/bf49a80aaec5a67823f2e2289c091f0b","name":"Thiago Cardoso","image":{"@type":"ImageObject","inLanguage":"pt-BR","@id":"https:\/\/secure.gravatar.com\/avatar\/1842d6c0841ac911719ccca153f7aa284b806975c71a770831acd69509733002?s=96&d=mm&r=g","url":"https:\/\/secure.gravatar.com\/avatar\/1842d6c0841ac911719ccca153f7aa284b806975c71a770831acd69509733002?s=96&d=mm&r=g","contentUrl":"https:\/\/secure.gravatar.com\/avatar\/1842d6c0841ac911719ccca153f7aa284b806975c71a770831acd69509733002?s=96&d=mm&r=g","caption":"Thiago Cardoso"},"sameAs":["http:\/\/unolar.com.br"],"url":"https:\/\/blog.unolar.com.br\/?author=2"}]}},"_links":{"self":[{"href":"https:\/\/blog.unolar.com.br\/index.php?rest_route=\/wp\/v2\/posts\/9915","targetHints":{"allow":["GET"]}}],"collection":[{"href":"https:\/\/blog.unolar.com.br\/index.php?rest_route=\/wp\/v2\/posts"}],"about":[{"href":"https:\/\/blog.unolar.com.br\/index.php?rest_route=\/wp\/v2\/types\/post"}],"author":[{"embeddable":true,"href":"https:\/\/blog.unolar.com.br\/index.php?rest_route=\/wp\/v2\/users\/2"}],"replies":[{"embeddable":true,"href":"https:\/\/blog.unolar.com.br\/index.php?rest_route=%2Fwp%2Fv2%2Fcomments&post=9915"}],"version-history":[{"count":0,"href":"https:\/\/blog.unolar.com.br\/index.php?rest_route=\/wp\/v2\/posts\/9915\/revisions"}],"wp:featuredmedia":[{"embeddable":true,"href":"https:\/\/blog.unolar.com.br\/index.php?rest_route=\/wp\/v2\/media\/9929"}],"wp:attachment":[{"href":"https:\/\/blog.unolar.com.br\/index.php?rest_route=%2Fwp%2Fv2%2Fmedia&parent=9915"}],"wp:term":[{"taxonomy":"category","embeddable":true,"href":"https:\/\/blog.unolar.com.br\/index.php?rest_route=%2Fwp%2Fv2%2Fcategories&post=9915"},{"taxonomy":"post_tag","embeddable":true,"href":"https:\/\/blog.unolar.com.br\/index.php?rest_route=%2Fwp%2Fv2%2Ftags&post=9915"}],"curies":[{"name":"wp","href":"https:\/\/api.w.org\/{rel}","templated":true}]}}