{"id":9901,"date":"2025-11-19T17:35:59","date_gmt":"2025-11-19T20:35:59","guid":{"rendered":"https:\/\/unolar.com.br\/?p=9901"},"modified":"2025-11-19T17:35:59","modified_gmt":"2025-11-19T20:35:59","slug":"conheca-a-ilha-feia-e-as-ilhas-do-itacolomi","status":"publish","type":"post","link":"https:\/\/blog.unolar.com.br\/?p=9901","title":{"rendered":"Ilha do Grant, as Ilhas do Itacolomi e a Ilha feia: Historia e Belezas Naturais"},"content":{"rendered":"<div class=\"hide-scrollbar markdown prose relative w-full max-w-none overflow-x-scroll break-words text-base leading-7 first:mt-0 prose-headings:first:mt-0 prose-strong:font-bold prose-thead:font-bold light:text-[#3E4247] dark:text-[#EBEBEB] prose-headings:light:text-[#3E4247]\">\n<div>\n<div>\n<div class=\"hide-scrollbar markdown prose relative w-full max-w-none overflow-x-scroll break-words text-base leading-7 first:mt-0 prose-headings:first:mt-0 prose-strong:font-bold prose-thead:font-bold light:text-[#3E4247] dark:text-[#EBEBEB] prose-headings:light:text-[#3E4247]\">\n<div>\n<div>\n<p class=\"mb-3 mt-0\" data-copy-text=\"true\">Imagine navegar pelas \u00e1guas cristalinas do litoral norte de Santa Catarina e avistar no horizonte forma\u00e7\u00f5es rochosas majestosas que emergem do oceano como guardi\u00f5es silenciosos de hist\u00f3rias milenares. As <strong>Ilhas do Itacolomi<\/strong>, a <strong>Ilha Feia<\/strong> e a <strong>Ilha do Grant<\/strong> s\u00e3o verdadeiras joias brutas do mar catarinense, cada uma carregando lendas fascinantes, biodiversidade \u00fanica e belezas naturais que encantam visitantes.<\/p>\n<\/div>\n<\/div>\n<\/div>\n<div class=\"hide-scrollbar markdown prose relative w-full max-w-none overflow-x-scroll break-words text-base leading-7 first:mt-0 prose-headings:first:mt-0 prose-strong:font-bold prose-thead:font-bold light:text-[#3E4247] dark:text-[#EBEBEB] prose-headings:light:text-[#3E4247]\">\n<div>\n<div>\n<p class=\"mb-3 mt-0\" data-copy-text=\"true\">Este guia completo convida voc\u00ea a desvendar os segredos dessas <strong>ilhas do litoral norte de Santa Catarina<\/strong>, mergulhando em narrativas de amor eterno, mist\u00e9rios de piratas, ref\u00fagios de tranquilidade e ecossistemas preservados. Prepare-se para uma jornada que combina <strong>turismo em ilhas<\/strong>, hist\u00f3ria e aventura, revelando por que esses destinos s\u00e3o considerados imperd\u00edveis no litoral brasileiro.<\/p>\n<div class=\"hide-scrollbar markdown prose relative w-full max-w-none overflow-x-scroll break-words text-base leading-7 first:mt-0 prose-headings:first:mt-0 prose-strong:font-bold prose-thead:font-bold light:text-[#3E4247] dark:text-[#EBEBEB] prose-headings:light:text-[#3E4247]\">\n<div>\n<div>\n<h2 class=\"mb-2 mt-4 text-[1.5rem]\/[2.25rem] font-bold\">Ilha do Grant: O Para\u00edso Secreto de Santa Catarina<\/h2>\n<\/div>\n<\/div>\n<\/div>\n<div class=\"hide-scrollbar markdown prose relative w-full max-w-none overflow-x-scroll break-words text-base leading-7 first:mt-0 prose-headings:first:mt-0 prose-strong:font-bold prose-thead:font-bold light:text-[#3E4247] dark:text-[#EBEBEB] prose-headings:light:text-[#3E4247]\">\n<div>\n<div>\n<h3 class=\"mb-2 mt-4 text-[1.25rem]\/[2rem] font-bold\">Um Mergulho na Hist\u00f3ria: De Canavieiras a Grant<\/h3>\n<\/div>\n<\/div>\n<\/div>\n<div class=\"hide-scrollbar markdown prose relative w-full max-w-none overflow-x-scroll break-words text-base leading-7 first:mt-0 prose-headings:first:mt-0 prose-strong:font-bold prose-thead:font-bold light:text-[#3E4247] dark:text-[#EBEBEB] prose-headings:light:text-[#3E4247]\">\n<div>\n<div>\n<p class=\"mb-3 mt-0\" data-copy-text=\"true\">Antes de ser conhecida como <strong>Ilha do Grant<\/strong>, este pequeno para\u00edso ostentava o nome de Ilha de Canavieiras. A mudan\u00e7a ocorreu em homenagem a um aventureiro ingl\u00eas, <strong>Mister Grant<\/strong>, que na d\u00e9cada de 1940 construiu um hotel no local, transformando-o em um ref\u00fagio exclusivo para a elite. As hist\u00f3rias que permeiam a ilha remontam a tempos ainda mais antigos, com relatos de que o local j\u00e1 serviu como cemit\u00e9rio ind\u00edgena.<\/p>\n<\/div>\n<\/div>\n<\/div>\n<div class=\"hide-scrollbar markdown prose relative w-full max-w-none overflow-x-scroll break-words text-base leading-7 first:mt-0 prose-headings:first:mt-0 prose-strong:font-bold prose-thead:font-bold light:text-[#3E4247] dark:text-[#EBEBEB] prose-headings:light:text-[#3E4247]\">\n<div>\n<div>\n<p class=\"mb-3 mt-0\" data-copy-text=\"true\"><span dir=\"auto\" style=\"vertical-align: inherit;\"><span dir=\"auto\" style=\"vertical-align: inherit;\">Localizada no bairro <\/span><\/span><strong><span dir=\"auto\" style=\"vertical-align: inherit;\"><span dir=\"auto\" style=\"vertical-align: inherit;\">Itajuba<\/span><\/span><\/strong><span dir=\"auto\" style=\"vertical-align: inherit;\"><span dir=\"auto\" style=\"vertical-align: inherit;\"> , em <\/span><\/span><a href=\"https:\/\/blog.unolar.com.br\/blog\/informativo\/conheca-barra-velha-qualidade-de-vida-economia-e-mercado-imobiliario-morar\/\" target=\"_blank\" rel=\"noopener\"><strong><span dir=\"auto\" style=\"vertical-align: inherit;\"><span dir=\"auto\" style=\"vertical-align: inherit;\">Barra Velha<\/span><\/span><\/strong><\/a><span dir=\"auto\" style=\"vertical-align: inherit;\"><span dir=\"auto\" style=\"vertical-align: inherit;\"> , a ilha est\u00e1 situada a cerca de 600 metros da costa, sendo acess\u00edvel por barco a partir da <\/span><\/span><strong><span dir=\"auto\" style=\"vertical-align: inherit;\"><span dir=\"auto\" style=\"vertical-align: inherit;\">Praia do Grant<\/span><\/span><\/strong><span dir=\"auto\" style=\"vertical-align: inherit;\"><span dir=\"auto\" style=\"vertical-align: inherit;\"> . A travessia \u00e9 r\u00e1pida e segura, e durante o trajeto \u00e9 poss\u00edvel apreciar a beleza da paisagem e ouvir hist\u00f3rias dos pescadores locais.<\/span><\/span><\/p>\n<\/div>\n<\/div>\n<\/div>\n<div class=\"hide-scrollbar markdown prose relative w-full max-w-none overflow-x-scroll break-words text-base leading-7 first:mt-0 prose-headings:first:mt-0 prose-strong:font-bold prose-thead:font-bold light:text-[#3E4247] dark:text-[#EBEBEB] prose-headings:light:text-[#3E4247]\">\n<div>\n<div>\n<h3 class=\"mb-2 mt-4 text-[1.25rem]\/[2rem] font-bold\">Um Santu\u00e1rio Ecol\u00f3gico: Natureza Exuberante e \u00c1guas Convidativas<\/h3>\n<\/div>\n<\/div>\n<\/div>\n<div class=\"hide-scrollbar markdown prose relative w-full max-w-none overflow-x-scroll break-words text-base leading-7 first:mt-0 prose-headings:first:mt-0 prose-strong:font-bold prose-thead:font-bold light:text-[#3E4247] dark:text-[#EBEBEB] prose-headings:light:text-[#3E4247]\">\n<div>\n<div>\n<p class=\"mb-3 mt-0\" data-copy-text=\"true\"><span dir=\"auto\" style=\"vertical-align: inherit;\"><span dir=\"auto\" style=\"vertical-align: inherit;\">A <\/span><\/span><strong><span dir=\"auto\" style=\"vertical-align: inherit;\"><span dir=\"auto\" style=\"vertical-align: inherit;\">Ilha do Grant<\/span><\/span><\/strong><span dir=\"auto\" style=\"vertical-align: inherit;\"><span dir=\"auto\" style=\"vertical-align: inherit;\"> \u00e9 um verdadeiro santu\u00e1rio ecol\u00f3gico, com vegeta\u00e7\u00e3o nativa preservada e \u00e1guas calmas e transparentes que convidam ao relaxamento e \u00e0 pr\u00e1tica de esportes aqu\u00e1ticos. Caminhar pela ilha \u00e9 como explorar um pedacinho de terra firme no meio do mar, onde cada cantinho revela uma nova surpresa.<\/span><\/span><\/p>\n<\/div>\n<\/div>\n<\/div>\n<div class=\"hide-scrollbar markdown prose relative w-full max-w-none overflow-x-scroll break-words text-base leading-7 first:mt-0 prose-headings:first:mt-0 prose-strong:font-bold prose-thead:font-bold light:text-[#3E4247] dark:text-[#EBEBEB] prose-headings:light:text-[#3E4247]\">\n<div>\n<div>\n<p class=\"mb-3 mt-0\" data-copy-text=\"true\">As pedras que cercam a ilha formam um cen\u00e1rio perfeito para fotos e para contemplar a vista da costa, enquanto os sombreiros centen\u00e1rios oferecem sombra e frescor para quem busca descanso. A energia el\u00e9trica \u00e9 fornecida por pain\u00e9is solares e geradores, o que contribui para a atmosfera r\u00fastica e aut\u00eantica do local.<\/p>\n<\/div>\n<\/div>\n<\/div>\n<div class=\"hide-scrollbar markdown prose relative w-full max-w-none overflow-x-scroll break-words text-base leading-7 first:mt-0 prose-headings:first:mt-0 prose-strong:font-bold prose-thead:font-bold light:text-[#3E4247] dark:text-[#EBEBEB] prose-headings:light:text-[#3E4247]\">\n<div>\n<div>\n<h3 class=\"mb-2 mt-4 text-[1.25rem]\/[2rem] font-bold\">Aventuras e Sabores: Atividades e Gastronomia<\/h3>\n<\/div>\n<\/div>\n<\/div>\n<div class=\"hide-scrollbar markdown prose relative w-full max-w-none overflow-x-scroll break-words text-base leading-7 first:mt-0 prose-headings:first:mt-0 prose-strong:font-bold prose-thead:font-bold light:text-[#3E4247] dark:text-[#EBEBEB] prose-headings:light:text-[#3E4247]\">\n<div>\n<div>\n<p class=\"mb-3 mt-0\" data-copy-text=\"true\">A <strong>Ilha do Grant<\/strong> oferece uma variedade de atividades para todos os gostos:<\/p>\n<\/div>\n<\/div>\n<\/div>\n<div class=\"hide-scrollbar markdown prose relative w-full max-w-none overflow-x-scroll break-words text-base leading-7 first:mt-0 prose-headings:first:mt-0 prose-strong:font-bold prose-thead:font-bold light:text-[#3E4247] dark:text-[#EBEBEB] prose-headings:light:text-[#3E4247]\">\n<div>\n<div>\n<p class=\"mb-3 mt-0\" data-copy-text=\"true\"><strong>Atividades Dispon\u00edveis:<\/strong><\/p>\n<\/div>\n<\/div>\n<\/div>\n<div class=\"hide-scrollbar markdown prose relative w-full max-w-none overflow-x-scroll break-words text-base leading-7 first:mt-0 prose-headings:first:mt-0 prose-strong:font-bold prose-thead:font-bold light:text-[#3E4247] dark:text-[#EBEBEB] prose-headings:light:text-[#3E4247]\">\n<div>\n<div>\n<ul class=\"mb-2 mt-0\">\n<li class=\"my-[5px] first:mt-0 last:mb-0\" data-copy-text=\"true\"><strong>Stand-up Paddle e Caiaque:<\/strong> As \u00e1guas calmas s\u00e3o ideais para a pr\u00e1tica<\/li>\n<li class=\"my-[5px] first:mt-0 last:mb-0\" data-copy-text=\"true\"><strong>Pesca Recreativa:<\/strong> Experi\u00eancia aut\u00eantica com pescadores locais<\/li>\n<li class=\"my-[5px] first:mt-0 last:mb-0\" data-copy-text=\"true\"><strong>Mergulho Livre:<\/strong> Observa\u00e7\u00e3o da vida marinha em \u00e1guas cristalinas<\/li>\n<li class=\"my-[5px] first:mt-0 last:mb-0\" data-copy-text=\"true\"><strong>Trilhas Ecol\u00f3gicas:<\/strong> Explora\u00e7\u00e3o da vegeta\u00e7\u00e3o nativa preservada<\/li>\n<li class=\"my-[5px] first:mt-0 last:mb-0\" data-copy-text=\"true\"><strong>Relaxamento:<\/strong> Descanso em \u00e1reas sombreadas naturais<\/li>\n<\/ul>\n<\/div>\n<\/div>\n<\/div>\n<div class=\"hide-scrollbar markdown prose relative w-full max-w-none overflow-x-scroll break-words text-base leading-7 first:mt-0 prose-headings:first:mt-0 prose-strong:font-bold prose-thead:font-bold light:text-[#3E4247] dark:text-[#EBEBEB] prose-headings:light:text-[#3E4247]\">\n<div>\n<div>\n<p class=\"mb-3 mt-0\" data-copy-text=\"true\"><strong>Gastronomia Local:<\/strong> Para repor as energias, um restaurante local serve petiscos e por\u00e7\u00f5es deliciosas, com destaque para os frutos do mar frescos. A ilha possui infraestrutura simples, com restaurante, banheiros e \u00e1reas de sombra, mantendo o charme r\u00fastico que a caracteriza.<\/p>\n<p><img loading=\"lazy\" decoding=\"async\" class=\"aligncenter wp-image-9908 size-full\" title=\"Ilha do Grant\" src=\"https:\/\/blog.unolar.com.br\/media\/unolar\/2025\/11\/19-scaled.jpg\" alt=\"Ilha do Grant\" width=\"2560\" height=\"1440\" \/><\/p>\n<\/div>\n<\/div>\n<\/div>\n<\/div>\n<\/div>\n<\/div>\n<h2 class=\"mb-3 mt-0\" data-copy-text=\"true\">As Ilhas do Itacolomi: Onde o Amor Eterno se Transformou em Pedra<\/h2>\n<\/div>\n<\/div>\n<\/div>\n<div class=\"hide-scrollbar markdown prose relative w-full max-w-none overflow-x-scroll break-words text-base leading-7 first:mt-0 prose-headings:first:mt-0 prose-strong:font-bold prose-thead:font-bold light:text-[#3E4247] dark:text-[#EBEBEB] prose-headings:light:text-[#3E4247]\">\n<div>\n<div>\n<h3 class=\"mb-2 mt-4 text-[1.25rem]\/[2rem] font-bold\">O Arquip\u00e9lago dos Sentimentos<\/h3>\n<\/div>\n<\/div>\n<\/div>\n<div class=\"hide-scrollbar markdown prose relative w-full max-w-none overflow-x-scroll break-words text-base leading-7 first:mt-0 prose-headings:first:mt-0 prose-strong:font-bold prose-thead:font-bold light:text-[#3E4247] dark:text-[#EBEBEB] prose-headings:light:text-[#3E4247]\">\n<div>\n<div>\n<p class=\"mb-3 mt-0\" data-copy-text=\"true\">As <strong>Ilhas do Itacolomi<\/strong> formam um pequeno arquip\u00e9lago composto por duas ilhas principais, localizadas estrategicamente a aproximadamente 7 km da costa de <a href=\"https:\/\/blog.unolar.com.br\/blog\/informativo\/conheca-balneario-picarras-qualidade-de-vida-economia-e-mercado-imobiliario\/\" target=\"_blank\" rel=\"noopener\"><strong>Balne\u00e1rio Pi\u00e7arras<\/strong><\/a>. Essas forma\u00e7\u00f5es rochosas, que se erguem majestosamente do oceano Atl\u00e2ntico, s\u00e3o muito mais do que simples acidentes geogr\u00e1ficos \u2013 s\u00e3o monumentos naturais de uma das mais tocantes <strong>lendas de ilhas SC<\/strong>.<\/p>\n<\/div>\n<\/div>\n<\/div>\n<div class=\"hide-scrollbar markdown prose relative w-full max-w-none overflow-x-scroll break-words text-base leading-7 first:mt-0 prose-headings:first:mt-0 prose-strong:font-bold prose-thead:font-bold light:text-[#3E4247] dark:text-[#EBEBEB] prose-headings:light:text-[#3E4247]\">\n<div>\n<div>\n<p class=\"mb-3 mt-0\" data-copy-text=\"true\"><span dir=\"auto\" style=\"vertical-align: inherit;\"><span dir=\"auto\" style=\"vertical-align: inherit;\"><span dir=\"auto\" style=\"vertical-align: inherit;\"><span dir=\"auto\" style=\"vertical-align: inherit;\">Com suas silhuetas recortadas contra o horizonte, as ilhas criam uma paisagem de rara beleza que pode ser contemplada desde a costa, especialmente durante o p\u00f4r do sol, quando suas formas se destacam em tons dourados e alaranjados.<\/span><\/span><\/span><\/span><\/p>\n<\/div>\n<\/div>\n<\/div>\n<div class=\"hide-scrollbar markdown prose relative w-full max-w-none overflow-x-scroll break-words text-base leading-7 first:mt-0 prose-headings:first:mt-0 prose-strong:font-bold prose-thead:font-bold light:text-[#3E4247] dark:text-[#EBEBEB] prose-headings:light:text-[#3E4247]\">\n<div>\n<div>\n<h3 class=\"mb-2 mt-4 text-[1.25rem]\/[2rem] font-bold\">A Lenda do Amor Eterno: A\u00e7a\u00fana e o N\u00e1ufrago<\/h3>\n<\/div>\n<\/div>\n<\/div>\n<div class=\"hide-scrollbar markdown prose relative w-full max-w-none overflow-x-scroll break-words text-base leading-7 first:mt-0 prose-headings:first:mt-0 prose-strong:font-bold prose-thead:font-bold light:text-[#3E4247] dark:text-[#EBEBEB] prose-headings:light:text-[#3E4247]\">\n<div>\n<div>\n<p class=\"mb-3 mt-0\" data-copy-text=\"true\">A origem das <strong>Ilhas do Itacolomi<\/strong> est\u00e1 envolvida em uma das mais belas lendas do folclore catarinense. Segundo a tradi\u00e7\u00e3o oral transmitida por gera\u00e7\u00f5es, a hist\u00f3ria remonta aos tempos em que tribos ind\u00edgenas habitavam o litoral.<\/p>\n<\/div>\n<\/div>\n<\/div>\n<div class=\"hide-scrollbar markdown prose relative w-full max-w-none overflow-x-scroll break-words text-base leading-7 first:mt-0 prose-headings:first:mt-0 prose-strong:font-bold prose-thead:font-bold light:text-[#3E4247] dark:text-[#EBEBEB] prose-headings:light:text-[#3E4247]\">\n<div>\n<div>\n<p class=\"mb-3 mt-0\" data-copy-text=\"true\"><strong>A\u00e7a\u00fana<\/strong>, filha do poderoso chefe da tribo Carij\u00f3, era conhecida por sua beleza e esp\u00edrito livre. Seu destino, por\u00e9m, j\u00e1 estava tra\u00e7ado: ela estava prometida em casamento a um temido l\u00edder de uma tribo vizinha, conhecido por sua natureza violenta e dominadora.<\/p>\n<\/div>\n<\/div>\n<\/div>\n<div class=\"hide-scrollbar markdown prose relative w-full max-w-none overflow-x-scroll break-words text-base leading-7 first:mt-0 prose-headings:first:mt-0 prose-strong:font-bold prose-thead:font-bold light:text-[#3E4247] dark:text-[#EBEBEB] prose-headings:light:text-[#3E4247]\">\n<div>\n<div>\n<p class=\"mb-3 mt-0\" data-copy-text=\"true\">Um dia, enquanto caminhava pela praia ao amanhecer, A\u00e7a\u00fana encontrou um jovem europeu ferido e inconsciente na areia. O homem havia sobrevivido a um naufr\u00e1gio e estava \u00e0 beira da morte. Movida pela compaix\u00e3o, a \u00edndia o levou para um local seguro e cuidou de seus ferimentos durante semanas.<\/p>\n<\/div>\n<\/div>\n<\/div>\n<div class=\"hide-scrollbar markdown prose relative w-full max-w-none overflow-x-scroll break-words text-base leading-7 first:mt-0 prose-headings:first:mt-0 prose-strong:font-bold prose-thead:font-bold light:text-[#3E4247] dark:text-[#EBEBEB] prose-headings:light:text-[#3E4247]\">\n<div>\n<div>\n<p class=\"mb-3 mt-0\" data-copy-text=\"true\">Durante o per\u00edodo de recupera\u00e7\u00e3o, nasceu entre eles um amor profundo e verdadeiro. O n\u00e1ufrago, fascinado pela cultura local e pela bondade de A\u00e7a\u00fana, aprendeu a l\u00edngua nativa e os costumes da tribo. Ela, por sua vez, descobriu um mundo novo atrav\u00e9s das hist\u00f3rias que ele contava sobre terras distantes.<\/p>\n<\/div>\n<\/div>\n<\/div>\n<div class=\"hide-scrollbar markdown prose relative w-full max-w-none overflow-x-scroll break-words text-base leading-7 first:mt-0 prose-headings:first:mt-0 prose-strong:font-bold prose-thead:font-bold light:text-[#3E4247] dark:text-[#EBEBEB] prose-headings:light:text-[#3E4247]\">\n<div>\n<div>\n<p class=\"mb-3 mt-0\" data-copy-text=\"true\">Quando o chefe da tribo rival descobriu o romance proibido, sua f\u00faria foi implac\u00e1vel. Considerando a uni\u00e3o uma trai\u00e7\u00e3o \u00e0s tradi\u00e7\u00f5es e uma afronta \u00e0 sua autoridade, ele declarou guerra \u00e0 tribo de A\u00e7a\u00fana, exigindo que a jovem fosse entregue imediatamente.<\/p>\n<\/div>\n<\/div>\n<\/div>\n<div class=\"hide-scrollbar markdown prose relative w-full max-w-none overflow-x-scroll break-words text-base leading-7 first:mt-0 prose-headings:first:mt-0 prose-strong:font-bold prose-thead:font-bold light:text-[#3E4247] dark:text-[#EBEBEB] prose-headings:light:text-[#3E4247]\">\n<div>\n<div>\n<p class=\"mb-3 mt-0\" data-copy-text=\"true\">A batalha que se seguiu foi feroz e sangrenta. A\u00e7a\u00fana e seu amado, percebendo que sua presen\u00e7a apenas intensificava a viol\u00eancia, tomaram uma decis\u00e3o desesperada. Em uma noite tempestuosa, quando os ventos uivavam e as ondas se chocavam violentamente contra as rochas, o casal fugiu em uma pequena canoa.<\/p>\n<\/div>\n<\/div>\n<\/div>\n<div class=\"hide-scrollbar markdown prose relative w-full max-w-none overflow-x-scroll break-words text-base leading-7 first:mt-0 prose-headings:first:mt-0 prose-strong:font-bold prose-thead:font-bold light:text-[#3E4247] dark:text-[#EBEBEB] prose-headings:light:text-[#3E4247]\">\n<div>\n<div>\n<p class=\"mb-3 mt-0\" data-copy-text=\"true\">Durante a tempestade, raios cortavam o c\u00e9u e as ondas gigantescas engoliam a fr\u00e1gil embarca\u00e7\u00e3o. A\u00e7a\u00fana e seu amado, abra\u00e7ados, fizeram uma \u00faltima promessa: permaneceriam unidos para sempre, mesmo que a morte os separasse do mundo dos vivos.<\/p>\n<\/div>\n<\/div>\n<\/div>\n<div class=\"hide-scrollbar markdown prose relative w-full max-w-none overflow-x-scroll break-words text-base leading-7 first:mt-0 prose-headings:first:mt-0 prose-strong:font-bold prose-thead:font-bold light:text-[#3E4247] dark:text-[#EBEBEB] prose-headings:light:text-[#3E4247]\">\n<div>\n<div>\n<p class=\"mb-3 mt-0\" data-copy-text=\"true\">Quando a tempestade finalmente cessou e o sol nasceu no horizonte, os pescadores da regi\u00e3o avistaram algo extraordin\u00e1rio: duas ilhas rochosas haviam surgido no local onde o casal havia desaparecido. As <strong>Ilhas do Itacolomi<\/strong> nasceram assim, segundo a lenda, como uma manifesta\u00e7\u00e3o f\u00edsica do amor eterno entre A\u00e7a\u00fana e o n\u00e1ufrago.<\/p>\n<\/div>\n<\/div>\n<\/div>\n<div class=\"hide-scrollbar markdown prose relative w-full max-w-none overflow-x-scroll break-words text-base leading-7 first:mt-0 prose-headings:first:mt-0 prose-strong:font-bold prose-thead:font-bold light:text-[#3E4247] dark:text-[#EBEBEB] prose-headings:light:text-[#3E4247]\">\n<div>\n<div>\n<h3 class=\"mb-2 mt-4 text-[1.25rem]\/[2rem] font-bold\">Um Santu\u00e1rio Ecol\u00f3gico Protegido<\/h3>\n<\/div>\n<\/div>\n<\/div>\n<div class=\"hide-scrollbar markdown prose relative w-full max-w-none overflow-x-scroll break-words text-base leading-7 first:mt-0 prose-headings:first:mt-0 prose-strong:font-bold prose-thead:font-bold light:text-[#3E4247] dark:text-[#EBEBEB] prose-headings:light:text-[#3E4247]\">\n<div>\n<div>\n<p class=\"mb-3 mt-0\" data-copy-text=\"true\">Al\u00e9m de sua import\u00e2ncia cultural e hist\u00f3rica, as <strong>Ilhas do Itacolomi<\/strong> desempenham um papel fundamental como santu\u00e1rio ecol\u00f3gico. Essas forma\u00e7\u00f5es rochosas servem de ref\u00fagio para diversas esp\u00e9cies de <strong>aves marinhas<\/strong>, incluindo fragatas, atob\u00e1s, gaivotas, trinta-r\u00e9is e bem-te-vis-do-mar.<\/p>\n<\/div>\n<\/div>\n<\/div>\n<div class=\"hide-scrollbar markdown prose relative w-full max-w-none overflow-x-scroll break-words text-base leading-7 first:mt-0 prose-headings:first:mt-0 prose-strong:font-bold prose-thead:font-bold light:text-[#3E4247] dark:text-[#EBEBEB] prose-headings:light:text-[#3E4247]\">\n<div>\n<div>\n<p class=\"mb-3 mt-0\" data-copy-text=\"true\">Para preservar este delicado ecossistema, o <strong>desembarque nas Ilhas do Itacolomi \u00e9 estritamente proibido<\/strong> por legisla\u00e7\u00e3o ambiental. Esta medida visa proteger os ninhos das aves marinhas, preservar a vegeta\u00e7\u00e3o nativa e manter o equil\u00edbrio ecol\u00f3gico sem interfer\u00eancia humana.<\/p>\n<p><img loading=\"lazy\" decoding=\"async\" class=\"aligncenter wp-image-9903 size-full\" title=\"Foto Ilhas do Itacolomi\" src=\"https:\/\/blog.unolar.com.br\/media\/unolar\/2025\/11\/17-scaled.jpg\" alt=\"Foto Ilhas do Itacolomi\" width=\"2560\" height=\"1440\" \/><\/p>\n<\/div>\n<\/div>\n<\/div>\n<div class=\"hide-scrollbar markdown prose relative w-full max-w-none overflow-x-scroll break-words text-base leading-7 first:mt-0 prose-headings:first:mt-0 prose-strong:font-bold prose-thead:font-bold light:text-[#3E4247] dark:text-[#EBEBEB] prose-headings:light:text-[#3E4247]\">\n<div>\n<div>\n<div class=\"hide-scrollbar markdown prose relative w-full max-w-none overflow-x-scroll break-words text-base leading-7 first:mt-0 prose-headings:first:mt-0 prose-strong:font-bold prose-thead:font-bold light:text-[#3E4247] dark:text-[#EBEBEB] prose-headings:light:text-[#3E4247]\">\n<div>\n<div>\n<h2 class=\"mb-2 mt-4 text-[1.5rem]\/[2.25rem] font-bold\">Ilha Feia: A Beleza Que Desmente o Nome<\/h2>\n<\/div>\n<\/div>\n<\/div>\n<div class=\"hide-scrollbar markdown prose relative w-full max-w-none overflow-x-scroll break-words text-base leading-7 first:mt-0 prose-headings:first:mt-0 prose-strong:font-bold prose-thead:font-bold light:text-[#3E4247] dark:text-[#EBEBEB] prose-headings:light:text-[#3E4247]\">\n<div>\n<div>\n<h3 class=\"mb-2 mt-4 text-[1.25rem]\/[2rem] font-bold\">O Paradoxo do Nome e Sua Hist\u00f3ria<\/h3>\n<\/div>\n<\/div>\n<\/div>\n<div class=\"hide-scrollbar markdown prose relative w-full max-w-none overflow-x-scroll break-words text-base leading-7 first:mt-0 prose-headings:first:mt-0 prose-strong:font-bold prose-thead:font-bold light:text-[#3E4247] dark:text-[#EBEBEB] prose-headings:light:text-[#3E4247]\">\n<div>\n<div>\n<p class=\"mb-3 mt-0\" data-copy-text=\"true\">Localizada pr\u00f3xima \u00e0 <strong>Praia do Quilombo<\/strong>, no munic\u00edpio de <a href=\"https:\/\/blog.unolar.com.br\/blog\/informativo\/penha-qualidade-de-vida-economia-e-mercado-imobiliario\/\" target=\"_blank\" rel=\"noopener\"><strong>Penha<\/strong><\/a>, a <strong>Ilha Feia<\/strong> representa um dos maiores paradoxos do litoral catarinense. Apesar do nome aparentemente depreciativo, esta ilha \u00e9 considerada uma das mais belas forma\u00e7\u00f5es naturais da regi\u00e3o, com sua vegeta\u00e7\u00e3o exuberante de <strong>Mata Atl\u00e2ntica<\/strong> e forma\u00e7\u00f5es rochosas espetaculares.<\/p>\n<\/div>\n<\/div>\n<\/div>\n<div class=\"hide-scrollbar markdown prose relative w-full max-w-none overflow-x-scroll break-words text-base leading-7 first:mt-0 prose-headings:first:mt-0 prose-strong:font-bold prose-thead:font-bold light:text-[#3E4247] dark:text-[#EBEBEB] prose-headings:light:text-[#3E4247]\">\n<div>\n<div>\n<p class=\"mb-3 mt-0\" data-copy-text=\"true\">O nome &#8220;Ilha Feia&#8221; tem origem controversa. Segundo registros hist\u00f3ricos, os primeiros cart\u00f3grafos portugueses denominaram a ilha dessa forma devido ao seu aspecto selvagem quando vista de longe. Outra teoria sugere que deriva de uma corruptela da palavra ind\u00edgena &#8220;Fei\u00e1&#8221;, que significaria &#8220;lugar das pedras&#8221; na l\u00edngua tupi.<\/p>\n<\/div>\n<\/div>\n<\/div>\n<div class=\"hide-scrollbar markdown prose relative w-full max-w-none overflow-x-scroll break-words text-base leading-7 first:mt-0 prose-headings:first:mt-0 prose-strong:font-bold prose-thead:font-bold light:text-[#3E4247] dark:text-[#EBEBEB] prose-headings:light:text-[#3E4247]\">\n<div>\n<div>\n<h3 class=\"mb-2 mt-4 text-[1.25rem]\/[2rem] font-bold\">A Lenda da Gruta da Noiva<\/h3>\n<\/div>\n<\/div>\n<\/div>\n<div class=\"hide-scrollbar markdown prose relative w-full max-w-none overflow-x-scroll break-words text-base leading-7 first:mt-0 prose-headings:first:mt-0 prose-strong:font-bold prose-thead:font-bold light:text-[#3E4247] dark:text-[#EBEBEB] prose-headings:light:text-[#3E4247]\">\n<div>\n<div>\n<p class=\"mb-3 mt-0\" data-copy-text=\"true\"><span dir=\"auto\" style=\"vertical-align: inherit;\"><span dir=\"auto\" style=\"vertical-align: inherit;\">Uma das <\/span><\/span><strong><span dir=\"auto\" style=\"vertical-align: inherit;\"><span dir=\"auto\" style=\"vertical-align: inherit;\">lendas de ilhas SC<\/span><\/span><\/strong><span dir=\"auto\" style=\"vertical-align: inherit;\"><span dir=\"auto\" style=\"vertical-align: inherit;\"> mais conhecidas est\u00e1 associada \u00e0 <\/span><\/span><strong><span dir=\"auto\" style=\"vertical-align: inherit;\"><span dir=\"auto\" style=\"vertical-align: inherit;\">Ilha Feia<\/span><\/span><\/strong><span dir=\"auto\" style=\"vertical-align: inherit;\"><span dir=\"auto\" style=\"vertical-align: inherit;\"> : a hist\u00f3ria da &#8220;Gruta da Noiva&#8221;. Conta-se que, no final do s\u00e9culo XIX, uma jovem chamada <\/span><\/span><strong><span dir=\"auto\" style=\"vertical-align: inherit;\"><span dir=\"auto\" style=\"vertical-align: inherit;\">Esperan\u00e7a<\/span><\/span><\/strong><span dir=\"auto\" style=\"vertical-align: inherit;\"><span dir=\"auto\" style=\"vertical-align: inherit;\"> descobriu a trai\u00e7\u00e3o de seu noivo na v\u00e9spera do casamento. Desolada e vestida de noiva, ela dirigiu-se \u00e0 ilha em uma pequena embarca\u00e7\u00e3o, refugiando-se na maior gruta da ilha.<\/span><\/span><\/p>\n<\/div>\n<\/div>\n<\/div>\n<div class=\"hide-scrollbar markdown prose relative w-full max-w-none overflow-x-scroll break-words text-base leading-7 first:mt-0 prose-headings:first:mt-0 prose-strong:font-bold prose-thead:font-bold light:text-[#3E4247] dark:text-[#EBEBEB] prose-headings:light:text-[#3E4247]\">\n<div>\n<div>\n<p class=\"mb-3 mt-0\" data-copy-text=\"true\">Segundo a lenda, Esperan\u00e7a permaneceu na gruta por dias, chorando sua dor. Ap\u00f3s uma semana, pescadores encontraram apenas sua canoa vazia e o vestido de noiva cuidadosamente dobrado dentro da gruta. Desde ent\u00e3o, pescadores relatam ouvir choros femininos ecoando da caverna durante as noites de lua cheia, acreditando ser o esp\u00edrito da noiva tra\u00edda que ainda vaga pelo local.<\/p>\n<\/div>\n<\/div>\n<\/div>\n<div class=\"hide-scrollbar markdown prose relative w-full max-w-none overflow-x-scroll break-words text-base leading-7 first:mt-0 prose-headings:first:mt-0 prose-strong:font-bold prose-thead:font-bold light:text-[#3E4247] dark:text-[#EBEBEB] prose-headings:light:text-[#3E4247]\">\n<div>\n<div>\n<h3 class=\"mb-2 mt-4 text-[1.25rem]\/[2rem] font-bold\">Forma\u00e7\u00f5es Geol\u00f3gicas e Mergulho<\/h3>\n<\/div>\n<\/div>\n<\/div>\n<div class=\"hide-scrollbar markdown prose relative w-full max-w-none overflow-x-scroll break-words text-base leading-7 first:mt-0 prose-headings:first:mt-0 prose-strong:font-bold prose-thead:font-bold light:text-[#3E4247] dark:text-[#EBEBEB] prose-headings:light:text-[#3E4247]\">\n<div>\n<div>\n<p class=\"mb-3 mt-0\" data-copy-text=\"true\">A <strong>Ilha Feia<\/strong> \u00e9 famosa por suas forma\u00e7\u00f5es rochosas \u00fanicas, sendo a <strong>Gruta da Noiva<\/strong> (tamb\u00e9m conhecida como Gruta do Diabo) a mais conhecida. Esta caverna natural, esculpida pela a\u00e7\u00e3o milenar das ondas, cria um espet\u00e1culo visual impressionante.<\/p>\n<\/div>\n<\/div>\n<\/div>\n<div class=\"hide-scrollbar markdown prose relative w-full max-w-none overflow-x-scroll break-words text-base leading-7 first:mt-0 prose-headings:first:mt-0 prose-strong:font-bold prose-thead:font-bold light:text-[#3E4247] dark:text-[#EBEBEB] prose-headings:light:text-[#3E4247]\">\n<div>\n<div>\n<p class=\"mb-3 mt-0\" data-copy-text=\"true\">A ilha \u00e9 reconhecida como um dos <strong>melhores pontos de mergulho<\/strong> do litoral catarinense, com \u00e1guas cristalinas que abrigam garoupas, pargos, polvos, tartarugas marinhas e uma rica biodiversidade aqu\u00e1tica.<\/p>\n<\/div>\n<\/div>\n<\/div>\n<h2 class=\"mb-2 mt-4 text-[1.5rem]\/[2.25rem] font-bold\"><img loading=\"lazy\" decoding=\"async\" class=\"alignundefined wp-image-9904 size-full\" style=\"font-size: 16px;\" title=\"Ilha feia\" src=\"https:\/\/blog.unolar.com.br\/media\/unolar\/2025\/11\/16-scaled.jpg\" alt=\"Ilha feia\" width=\"2560\" height=\"1440\" \/><\/h2>\n<\/div>\n<\/div>\n<\/div>\n<div class=\"hide-scrollbar markdown prose relative w-full max-w-none overflow-x-scroll break-words text-base leading-7 first:mt-0 prose-headings:first:mt-0 prose-strong:font-bold prose-thead:font-bold light:text-[#3E4247] dark:text-[#EBEBEB] prose-headings:light:text-[#3E4247]\">\n<div class=\"hide-scrollbar markdown prose relative w-full max-w-none overflow-x-scroll break-words text-base leading-7 first:mt-0 prose-headings:first:mt-0 prose-strong:font-bold prose-thead:font-bold light:text-[#3E4247] dark:text-[#EBEBEB] prose-headings:light:text-[#3E4247]\">\n<div>\n<div>\n<h2 class=\"mb-2 mt-4 text-[1.5rem]\/[2.25rem] font-bold\">Guia Pr\u00e1tico: Como Visitar as Ilhas<\/h2>\n<\/div>\n<\/div>\n<\/div>\n<div class=\"hide-scrollbar markdown prose relative w-full max-w-none overflow-x-scroll break-words text-base leading-7 first:mt-0 prose-headings:first:mt-0 prose-strong:font-bold prose-thead:font-bold light:text-[#3E4247] dark:text-[#EBEBEB] prose-headings:light:text-[#3E4247]\">\n<div>\n<div>\n<h3 class=\"mb-2 mt-4 text-[1.25rem]\/[2rem] font-bold\">De Onde Partem os Passeios<\/h3>\n<\/div>\n<\/div>\n<\/div>\n<div class=\"hide-scrollbar markdown prose relative w-full max-w-none overflow-x-scroll break-words text-base leading-7 first:mt-0 prose-headings:first:mt-0 prose-strong:font-bold prose-thead:font-bold light:text-[#3E4247] dark:text-[#EBEBEB] prose-headings:light:text-[#3E4247]\">\n<div>\n<div>\n<p class=\"mb-3 mt-0\" data-copy-text=\"true\"><strong>Para as Ilhas do Itacolomi e Ilha Feia:<\/strong> <strong>Balne\u00e1rio Pi\u00e7arras<\/strong> \u00e9 o principal ponto de partida, oferecendo infraestrutura completa com estacionamento gratuito, banheiros, vesti\u00e1rios, lanchonetes e ag\u00eancias credenciadas.<\/p>\n<\/div>\n<\/div>\n<\/div>\n<div class=\"hide-scrollbar markdown prose relative w-full max-w-none overflow-x-scroll break-words text-base leading-7 first:mt-0 prose-headings:first:mt-0 prose-strong:font-bold prose-thead:font-bold light:text-[#3E4247] dark:text-[#EBEBEB] prose-headings:light:text-[#3E4247]\">\n<div>\n<div>\n<p class=\"mb-3 mt-0\" data-copy-text=\"true\"><strong><span dir=\"auto\" style=\"vertical-align: inherit;\"><span dir=\"auto\" style=\"vertical-align: inherit;\">Penha<\/span><\/span><\/strong><span dir=\"auto\" style=\"vertical-align: inherit;\"><span dir=\"auto\" style=\"vertical-align: inherit;\"> tamb\u00e9m oferece sa\u00eddas da <\/span><\/span><strong><span dir=\"auto\" style=\"vertical-align: inherit;\"><span dir=\"auto\" style=\"vertical-align: inherit;\">Praia da Arma\u00e7\u00e3o<\/span><\/span><\/strong><span dir=\"auto\" style=\"vertical-align: inherit;\"><span dir=\"auto\" style=\"vertical-align: inherit;\"> e do <\/span><\/span><strong><span dir=\"auto\" style=\"vertical-align: inherit;\"><span dir=\"auto\" style=\"vertical-align: inherit;\">Porto de Penha<\/span><\/span><\/strong><span dir=\"auto\" style=\"vertical-align: inherit;\"><span dir=\"auto\" style=\"vertical-align: inherit;\"> , especialmente conveniente para visitas \u00e0 Ilha Feia.<\/span><\/span><\/p>\n<\/div>\n<\/div>\n<\/div>\n<div class=\"hide-scrollbar markdown prose relative w-full max-w-none overflow-x-scroll break-words text-base leading-7 first:mt-0 prose-headings:first:mt-0 prose-strong:font-bold prose-thead:font-bold light:text-[#3E4247] dark:text-[#EBEBEB] prose-headings:light:text-[#3E4247]\">\n<div>\n<div>\n<p class=\"mb-3 mt-0\" data-copy-text=\"true\"><strong><span dir=\"auto\" style=\"vertical-align: inherit;\"><span dir=\"auto\" style=\"vertical-align: inherit;\">Para a Ilha do Grant: <\/span><\/span><\/strong> <strong><span dir=\"auto\" style=\"vertical-align: inherit;\"><span dir=\"auto\" style=\"vertical-align: inherit;\">Barra Velha<\/span><\/span><\/strong><span dir=\"auto\" style=\"vertical-align: inherit;\"><span dir=\"auto\" style=\"vertical-align: inherit;\"> \u00e9 o ponto de partida exclusivo, com sa\u00eddas da <\/span><\/span><strong><span dir=\"auto\" style=\"vertical-align: inherit;\"><span dir=\"auto\" style=\"vertical-align: inherit;\">Praia do Grant<\/span><\/span><\/strong><span dir=\"auto\" style=\"vertical-align: inherit;\"><span dir=\"auto\" style=\"vertical-align: inherit;\"> . O local oferece estacionamento pr\u00f3ximo \u00e0 praia e algumas op\u00e7\u00f5es de alimenta\u00e7\u00e3o.<\/span><\/span><\/p>\n<\/div>\n<\/div>\n<\/div>\n<div class=\"hide-scrollbar markdown prose relative w-full max-w-none overflow-x-scroll break-words text-base leading-7 first:mt-0 prose-headings:first:mt-0 prose-strong:font-bold prose-thead:font-bold light:text-[#3E4247] dark:text-[#EBEBEB] prose-headings:light:text-[#3E4247]\">\n<div>\n<div>\n<h3 class=\"mb-2 mt-4 text-[1.25rem]\/[2rem] font-bold\">Tipos de Embarca\u00e7\u00f5es Dispon\u00edveis<\/h3>\n<\/div>\n<\/div>\n<\/div>\n<div class=\"hide-scrollbar markdown prose relative w-full max-w-none overflow-x-scroll break-words text-base leading-7 first:mt-0 prose-headings:first:mt-0 prose-strong:font-bold prose-thead:font-bold light:text-[#3E4247] dark:text-[#EBEBEB] prose-headings:light:text-[#3E4247]\">\n<div>\n<div>\n<p class=\"mb-3 mt-0\" data-copy-text=\"true\"><strong>Escunas Tradicionais<\/strong><\/p>\n<\/div>\n<\/div>\n<\/div>\n<div class=\"hide-scrollbar markdown prose relative w-full max-w-none overflow-x-scroll break-words text-base leading-7 first:mt-0 prose-headings:first:mt-0 prose-strong:font-bold prose-thead:font-bold light:text-[#3E4247] dark:text-[#EBEBEB] prose-headings:light:text-[#3E4247]\">\n<div>\n<div>\n<ul class=\"mb-2 mt-0\">\n<li class=\"my-[5px] first:mt-0 last:mb-0\" data-copy-text=\"true\">Capacidade: 40 a 80 pessoas<\/li>\n<li class=\"my-[5px] first:mt-0 last:mb-0\" data-copy-text=\"true\">Dura\u00e7\u00e3o: 4 a 6 horas<\/li>\n<li class=\"my-[5px] first:mt-0 last:mb-0\" data-copy-text=\"true\">Inclui m\u00fasica ao vivo e servi\u00e7o de bordo<\/li>\n<li class=\"my-[5px] first:mt-0 last:mb-0\" data-copy-text=\"true\">Ideal para fam\u00edlias e grupos grandes<\/li>\n<li class=\"my-[5px] first:mt-0 last:mb-0\" data-copy-text=\"true\">Roteiro: Ilhas do Itacolomi + Ilha Feia<\/li>\n<\/ul>\n<\/div>\n<\/div>\n<\/div>\n<div class=\"hide-scrollbar markdown prose relative w-full max-w-none overflow-x-scroll break-words text-base leading-7 first:mt-0 prose-headings:first:mt-0 prose-strong:font-bold prose-thead:font-bold light:text-[#3E4247] dark:text-[#EBEBEB] prose-headings:light:text-[#3E4247]\">\n<div>\n<div>\n<p class=\"mb-3 mt-0\" data-copy-text=\"true\"><strong><span dir=\"auto\" style=\"vertical-align: inherit;\"><span dir=\"auto\" style=\"vertical-align: inherit;\">Lanchas<\/span><\/span><\/strong><\/p>\n<\/div>\n<\/div>\n<\/div>\n<div class=\"hide-scrollbar markdown prose relative w-full max-w-none overflow-x-scroll break-words text-base leading-7 first:mt-0 prose-headings:first:mt-0 prose-strong:font-bold prose-thead:font-bold light:text-[#3E4247] dark:text-[#EBEBEB] prose-headings:light:text-[#3E4247]\">\n<div>\n<div>\n<ul class=\"mb-2 mt-0\">\n<li class=\"my-[5px] first:mt-0 last:mb-0\" data-copy-text=\"true\">Capacidade: 8 a 15 pessoas<\/li>\n<li class=\"my-[5px] first:mt-0 last:mb-0\" data-copy-text=\"true\">Dura\u00e7\u00e3o: 2 a 4 horas<\/li>\n<li class=\"my-[5px] first:mt-0 last:mb-0\" data-copy-text=\"true\">Mais agilidade e flexibilidade no roteiro<\/li>\n<li class=\"my-[5px] first:mt-0 last:mb-0\" data-copy-text=\"true\">Ideal para quem tem pouco tempo<\/li>\n<li class=\"my-[5px] first:mt-0 last:mb-0\" data-copy-text=\"true\">Pode incluir as tr\u00eas ilhas<\/li>\n<\/ul>\n<\/div>\n<\/div>\n<\/div>\n<div class=\"hide-scrollbar markdown prose relative w-full max-w-none overflow-x-scroll break-words text-base leading-7 first:mt-0 prose-headings:first:mt-0 prose-strong:font-bold prose-thead:font-bold light:text-[#3E4247] dark:text-[#EBEBEB] prose-headings:light:text-[#3E4247]\">\n<div>\n<div>\n<p class=\"mb-3 mt-0\" data-copy-text=\"true\"><strong><span dir=\"auto\" style=\"vertical-align: inherit;\"><span dir=\"auto\" style=\"vertical-align: inherit;\">Barcos de pesca<\/span><\/span><\/strong><\/p>\n<\/div>\n<\/div>\n<\/div>\n<div class=\"hide-scrollbar markdown prose relative w-full max-w-none overflow-x-scroll break-words text-base leading-7 first:mt-0 prose-headings:first:mt-0 prose-strong:font-bold prose-thead:font-bold light:text-[#3E4247] dark:text-[#EBEBEB] prose-headings:light:text-[#3E4247]\">\n<div>\n<div>\n<ul class=\"mb-2 mt-0\">\n<li class=\"my-[5px] first:mt-0 last:mb-0\" data-copy-text=\"true\">Capacidade: 6 a 12 pessoas<\/li>\n<li class=\"my-[5px] first:mt-0 last:mb-0\" data-copy-text=\"true\">Dura\u00e7\u00e3o: 3 a 5 horas<\/li>\n<li class=\"my-[5px] first:mt-0 last:mb-0\" data-copy-text=\"true\">Experi\u00eancia mais aut\u00eantica e econ\u00f4mica<\/li>\n<li class=\"my-[5px] first:mt-0 last:mb-0\" data-copy-text=\"true\">Contato direto com a cultura local<\/li>\n<\/ul>\n<\/div>\n<\/div>\n<\/div>\n<div class=\"hide-scrollbar markdown prose relative w-full max-w-none overflow-x-scroll break-words text-base leading-7 first:mt-0 prose-headings:first:mt-0 prose-strong:font-bold prose-thead:font-bold light:text-[#3E4247] dark:text-[#EBEBEB] prose-headings:light:text-[#3E4247]\">\n<div>\n<div>\n<p class=\"mb-3 mt-0\" data-copy-text=\"true\"><strong>Travessia para Ilha do Grant<\/strong><\/p>\n<\/div>\n<\/div>\n<\/div>\n<div class=\"hide-scrollbar markdown prose relative w-full max-w-none overflow-x-scroll break-words text-base leading-7 first:mt-0 prose-headings:first:mt-0 prose-strong:font-bold prose-thead:font-bold light:text-[#3E4247] dark:text-[#EBEBEB] prose-headings:light:text-[#3E4247]\">\n<div>\n<div>\n<ul class=\"mb-2 mt-0\">\n<li class=\"my-[5px] first:mt-0 last:mb-0\" data-copy-text=\"true\">Pequenas embarca\u00e7\u00f5es locais<\/li>\n<li class=\"my-[5px] first:mt-0 last:mb-0\" data-copy-text=\"true\">Capacidade: 6 a 10 pessoas<\/li>\n<li class=\"my-[5px] first:mt-0 last:mb-0\" data-copy-text=\"true\">Dura\u00e7\u00e3o da travessia: 10 minutos<\/li>\n<li class=\"my-[5px] first:mt-0 last:mb-0\" data-copy-text=\"true\">Perman\u00eancia na ilha: tempo livre<\/li>\n<\/ul>\n<\/div>\n<\/div>\n<\/div>\n<div class=\"hide-scrollbar markdown prose relative w-full max-w-none overflow-x-scroll break-words text-base leading-7 first:mt-0 prose-headings:first:mt-0 prose-strong:font-bold prose-thead:font-bold light:text-[#3E4247] dark:text-[#EBEBEB] prose-headings:light:text-[#3E4247]\">\n<div>\n<div>\n<h3 class=\"mb-2 mt-4 text-[1.25rem]\/[2rem] font-bold\">Valores dos Passeios (2024-2025)<\/h3>\n<\/div>\n<\/div>\n<\/div>\n<div class=\"hide-scrollbar markdown prose relative w-full max-w-none overflow-x-scroll break-words text-base leading-7 first:mt-0 prose-headings:first:mt-0 prose-strong:font-bold prose-thead:font-bold light:text-[#3E4247] dark:text-[#EBEBEB] prose-headings:light:text-[#3E4247]\">\n<div>\n<div>\n<p class=\"mb-3 mt-0\" data-copy-text=\"true\"><strong>Escuna Tradicional (Itacolomi + Ilha Feia):<\/strong> Entre R$ 80 e R$ 120 por pessoa, incluindo bebidas e petiscos. Crian\u00e7as at\u00e9 6 anos geralmente n\u00e3o pagam.<\/p>\n<\/div>\n<\/div>\n<\/div>\n<div class=\"hide-scrollbar markdown prose relative w-full max-w-none overflow-x-scroll break-words text-base leading-7 first:mt-0 prose-headings:first:mt-0 prose-strong:font-bold prose-thead:font-bold light:text-[#3E4247] dark:text-[#EBEBEB] prose-headings:light:text-[#3E4247]\">\n<div>\n<div>\n<p class=\"mb-3 mt-0\" data-copy-text=\"true\"><strong>Lancha R\u00e1pida (roteiro completo):<\/strong> De R$ 150 a R$ 250 por pessoa, com equipamentos b\u00e1sicos de mergulho inclusos. Grupos fechados podem negociar valores especiais.<\/p>\n<\/div>\n<\/div>\n<\/div>\n<div class=\"hide-scrollbar markdown prose relative w-full max-w-none overflow-x-scroll break-words text-base leading-7 first:mt-0 prose-headings:first:mt-0 prose-strong:font-bold prose-thead:font-bold light:text-[#3E4247] dark:text-[#EBEBEB] prose-headings:light:text-[#3E4247]\">\n<div>\n<div>\n<p class=\"mb-3 mt-0\" data-copy-text=\"true\"><strong>Barco de Pescador:<\/strong> Entre R$ 60 e R$ 100 por pessoa, com possibilidade de pesca durante o trajeto.<\/p>\n<\/div>\n<\/div>\n<\/div>\n<div class=\"hide-scrollbar markdown prose relative w-full max-w-none overflow-x-scroll break-words text-base leading-7 first:mt-0 prose-headings:first:mt-0 prose-strong:font-bold prose-thead:font-bold light:text-[#3E4247] dark:text-[#EBEBEB] prose-headings:light:text-[#3E4247]\">\n<div>\n<div>\n<p class=\"mb-3 mt-0\" data-copy-text=\"true\"><strong>Travessia Ilha do Grant:<\/strong> Aproximadamente R$ 25 por adulto e R$ 15 por crian\u00e7a (ida e volta). Taxa de uso do banheiro na ilha: R$ 1. Pre\u00e7os da lanchonete variam de R$ 5 a R$ 30.<\/p>\n<\/div>\n<\/div>\n<\/div>\n<div class=\"hide-scrollbar markdown prose relative w-full max-w-none overflow-x-scroll break-words text-base leading-7 first:mt-0 prose-headings:first:mt-0 prose-strong:font-bold prose-thead:font-bold light:text-[#3E4247] dark:text-[#EBEBEB] prose-headings:light:text-[#3E4247]\">\n<div>\n<div>\n<p class=\"mb-3 mt-0\" data-copy-text=\"true\"><strong>Passeios Privativos:<\/strong> Lanchas para grupos fechados custam entre R$ 1.200 e R$ 2.000 para at\u00e9 12 pessoas, dependendo da dura\u00e7\u00e3o e ilhas visitadas.<\/p>\n<\/div>\n<\/div>\n<\/div>\n<div class=\"hide-scrollbar markdown prose relative w-full max-w-none overflow-x-scroll break-words text-base leading-7 first:mt-0 prose-headings:first:mt-0 prose-strong:font-bold prose-thead:font-bold light:text-[#3E4247] dark:text-[#EBEBEB] prose-headings:light:text-[#3E4247]\">\n<div>\n<div>\n<h3 class=\"mb-2 mt-4 text-[1.25rem]\/[2rem] font-bold\">Melhor \u00c9poca para Visitar<\/h3>\n<\/div>\n<\/div>\n<\/div>\n<div class=\"hide-scrollbar markdown prose relative w-full max-w-none overflow-x-scroll break-words text-base leading-7 first:mt-0 prose-headings:first:mt-0 prose-strong:font-bold prose-thead:font-bold light:text-[#3E4247] dark:text-[#EBEBEB] prose-headings:light:text-[#3E4247]\">\n<div>\n<div>\n<p class=\"mb-3 mt-0\" data-copy-text=\"true\"><strong>Dezembro a Mar\u00e7o (Alta Temporada)<\/strong><\/p>\n<\/div>\n<\/div>\n<\/div>\n<div class=\"hide-scrollbar markdown prose relative w-full max-w-none overflow-x-scroll break-words text-base leading-7 first:mt-0 prose-headings:first:mt-0 prose-strong:font-bold prose-thead:font-bold light:text-[#3E4247] dark:text-[#EBEBEB] prose-headings:light:text-[#3E4247]\">\n<div>\n<div>\n<ul class=\"mb-2 mt-0\">\n<li class=\"my-[5px] first:mt-0 last:mb-0\" data-copy-text=\"true\">Mar mais calmo e \u00e1guas mais quentes<\/li>\n<li class=\"my-[5px] first:mt-0 last:mb-0\" data-copy-text=\"true\">Maior oferta de passeios di\u00e1rios<\/li>\n<li class=\"my-[5px] first:mt-0 last:mb-0\" data-copy-text=\"true\">Ilha do Grant com restaurante funcionando<\/li>\n<li class=\"my-[5px] first:mt-0 last:mb-0\" data-copy-text=\"true\">Pre\u00e7os mais elevados<\/li>\n<li class=\"my-[5px] first:mt-0 last:mb-0\" data-copy-text=\"true\">Maior movimento tur\u00edstico<\/li>\n<\/ul>\n<\/div>\n<\/div>\n<\/div>\n<div class=\"hide-scrollbar markdown prose relative w-full max-w-none overflow-x-scroll break-words text-base leading-7 first:mt-0 prose-headings:first:mt-0 prose-strong:font-bold prose-thead:font-bold light:text-[#3E4247] dark:text-[#EBEBEB] prose-headings:light:text-[#3E4247]\">\n<div>\n<div>\n<p class=\"mb-3 mt-0\" data-copy-text=\"true\"><strong>Abril a Novembro (Baixa Temporada)<\/strong><\/p>\n<\/div>\n<\/div>\n<\/div>\n<div class=\"hide-scrollbar markdown prose relative w-full max-w-none overflow-x-scroll break-words text-base leading-7 first:mt-0 prose-headings:first:mt-0 prose-strong:font-bold prose-thead:font-bold light:text-[#3E4247] dark:text-[#EBEBEB] prose-headings:light:text-[#3E4247]\">\n<div>\n<div>\n<ul class=\"mb-2 mt-0\">\n<li class=\"my-[5px] first:mt-0 last:mb-0\" data-copy-text=\"true\">Pre\u00e7os mais acess\u00edveis<\/li>\n<li class=\"my-[5px] first:mt-0 last:mb-0\" data-copy-text=\"true\">Experi\u00eancia mais reservada<\/li>\n<li class=\"my-[5px] first:mt-0 last:mb-0\" data-copy-text=\"true\">Clima pode ser inst\u00e1vel<\/li>\n<li class=\"my-[5px] first:mt-0 last:mb-0\" data-copy-text=\"true\">Alguns servi\u00e7os da Ilha do Grant podem estar fechados<\/li>\n<\/ul>\n<\/div>\n<\/div>\n<\/div>\n<div class=\"hide-scrollbar markdown prose relative w-full max-w-none overflow-x-scroll break-words text-base leading-7 first:mt-0 prose-headings:first:mt-0 prose-strong:font-bold prose-thead:font-bold light:text-[#3E4247] dark:text-[#EBEBEB] prose-headings:light:text-[#3E4247]\">\n<div>\n<div>\n<p class=\"mb-3 mt-0\" data-copy-text=\"true\"><strong><span dir=\"auto\" style=\"vertical-align: inherit;\"><span dir=\"auto\" style=\"vertical-align: inherit;\">Para Mergulho:<\/span><\/span><\/strong><span dir=\"auto\" style=\"vertical-align: inherit;\"><span dir=\"auto\" style=\"vertical-align: inherit;\"> Os meses de maio a setembro oferecem melhor visibilidade abaixo da \u00e1gua , enquanto outubro a dezembro t\u00eam \u00e1guas mais quentes.<\/span><\/span><\/p>\n<\/div>\n<\/div>\n<\/div>\n<div class=\"hide-scrollbar markdown prose relative w-full max-w-none overflow-x-scroll break-words text-base leading-7 first:mt-0 prose-headings:first:mt-0 prose-strong:font-bold prose-thead:font-bold light:text-[#3E4247] dark:text-[#EBEBEB] prose-headings:light:text-[#3E4247]\">\n<div>\n<div>\n<h3 class=\"mb-2 mt-4 text-[1.25rem]\/[2rem] font-bold\">O Que Levar<\/h3>\n<\/div>\n<\/div>\n<\/div>\n<div class=\"hide-scrollbar markdown prose relative w-full max-w-none overflow-x-scroll break-words text-base leading-7 first:mt-0 prose-headings:first:mt-0 prose-strong:font-bold prose-thead:font-bold light:text-[#3E4247] dark:text-[#EBEBEB] prose-headings:light:text-[#3E4247]\">\n<div>\n<div>\n<p class=\"mb-3 mt-0\" data-copy-text=\"true\"><strong>Itens Essenciais:<\/strong><\/p>\n<\/div>\n<\/div>\n<\/div>\n<div class=\"hide-scrollbar markdown prose relative w-full max-w-none overflow-x-scroll break-words text-base leading-7 first:mt-0 prose-headings:first:mt-0 prose-strong:font-bold prose-thead:font-bold light:text-[#3E4247] dark:text-[#EBEBEB] prose-headings:light:text-[#3E4247]\">\n<div>\n<div>\n<ul class=\"mb-2 mt-0\">\n<li class=\"my-[5px] first:mt-0 last:mb-0\" data-copy-text=\"true\">Protetor solar FPS 50+ resistente \u00e0 \u00e1gua<\/li>\n<li class=\"my-[5px] first:mt-0 last:mb-0\" data-copy-text=\"true\">Chap\u00e9u ou bon\u00e9<\/li>\n<li class=\"my-[5px] first:mt-0 last:mb-0\" data-copy-text=\"true\">\u00d3culos de sol<\/li>\n<li class=\"my-[5px] first:mt-0 last:mb-0\" data-copy-text=\"true\">Roupa de banho e uma muda extra<\/li>\n<li class=\"my-[5px] first:mt-0 last:mb-0\" data-copy-text=\"true\">Toalha de secagem r\u00e1pida<\/li>\n<li class=\"my-[5px] first:mt-0 last:mb-0\" data-copy-text=\"true\">\u00c1gua pot\u00e1vel (1-2 litros por pessoa)<\/li>\n<li class=\"my-[5px] first:mt-0 last:mb-0\" data-copy-text=\"true\">Lanches leves<\/li>\n<\/ul>\n<\/div>\n<\/div>\n<\/div>\n<div class=\"hide-scrollbar markdown prose relative w-full max-w-none overflow-x-scroll break-words text-base leading-7 first:mt-0 prose-headings:first:mt-0 prose-strong:font-bold prose-thead:font-bold light:text-[#3E4247] dark:text-[#EBEBEB] prose-headings:light:text-[#3E4247]\">\n<div>\n<div>\n<p class=\"mb-3 mt-0\" data-copy-text=\"true\"><strong>Espec\u00edfico para Ilha do Grant:<\/strong><\/p>\n<\/div>\n<\/div>\n<\/div>\n<div class=\"hide-scrollbar markdown prose relative w-full max-w-none overflow-x-scroll break-words text-base leading-7 first:mt-0 prose-headings:first:mt-0 prose-strong:font-bold prose-thead:font-bold light:text-[#3E4247] dark:text-[#EBEBEB] prose-headings:light:text-[#3E4247]\">\n<div>\n<div>\n<ul class=\"mb-2 mt-0\">\n<li class=\"my-[5px] first:mt-0 last:mb-0\" data-copy-text=\"true\">Dinheiro em esp\u00e9cie (alguns servi\u00e7os n\u00e3o aceitam cart\u00e3o)<\/li>\n<li class=\"my-[5px] first:mt-0 last:mb-0\" data-copy-text=\"true\">Cadeira de praia port\u00e1til (opcional)<\/li>\n<li class=\"my-[5px] first:mt-0 last:mb-0\" data-copy-text=\"true\">Equipamentos para stand-up paddle ou caiaque (se tiver)<\/li>\n<\/ul>\n<\/div>\n<\/div>\n<\/div>\n<div class=\"hide-scrollbar markdown prose relative w-full max-w-none overflow-x-scroll break-words text-base leading-7 first:mt-0 prose-headings:first:mt-0 prose-strong:font-bold prose-thead:font-bold light:text-[#3E4247] dark:text-[#EBEBEB] prose-headings:light:text-[#3E4247]\"><\/div>\n<div class=\"hide-scrollbar markdown prose relative w-full max-w-none overflow-x-scroll break-words text-base leading-7 first:mt-0 prose-headings:first:mt-0 prose-strong:font-bold prose-thead:font-bold light:text-[#3E4247] dark:text-[#EBEBEB] prose-headings:light:text-[#3E4247]\">\n<div>\n<div>\n<p class=\"mb-3 mt-0\" data-copy-text=\"true\"><strong>Para Mergulho:<\/strong><\/p>\n<\/div>\n<\/div>\n<\/div>\n<div class=\"hide-scrollbar markdown prose relative w-full max-w-none overflow-x-scroll break-words text-base leading-7 first:mt-0 prose-headings:first:mt-0 prose-strong:font-bold prose-thead:font-bold light:text-[#3E4247] dark:text-[#EBEBEB] prose-headings:light:text-[#3E4247]\">\n<div>\n<div>\n<ul class=\"mb-2 mt-0\">\n<li class=\"my-[5px] first:mt-0 last:mb-0\" data-copy-text=\"true\">M\u00e1scara e snorkel pr\u00f3prios<\/li>\n<li class=\"my-[5px] first:mt-0 last:mb-0\" data-copy-text=\"true\">Nadadeiras (se n\u00e3o fornecidas)<\/li>\n<li class=\"my-[5px] first:mt-0 last:mb-0\" data-copy-text=\"true\">C\u00e2mera \u00e0 prova d&#8217;\u00e1gua<\/li>\n<\/ul>\n<\/div>\n<\/div>\n<\/div>\n<div class=\"hide-scrollbar markdown prose relative w-full max-w-none overflow-x-scroll break-words text-base leading-7 first:mt-0 prose-headings:first:mt-0 prose-strong:font-bold prose-thead:font-bold light:text-[#3E4247] dark:text-[#EBEBEB] prose-headings:light:text-[#3E4247]\">\n<div>\n<div>\n<h3 class=\"mb-2 mt-4 text-[1.25rem]\/[2rem] font-bold\">Roteiros Sugeridos<\/h3>\n<\/div>\n<\/div>\n<\/div>\n<div class=\"hide-scrollbar markdown prose relative w-full max-w-none overflow-x-scroll break-words text-base leading-7 first:mt-0 prose-headings:first:mt-0 prose-strong:font-bold prose-thead:font-bold light:text-[#3E4247] dark:text-[#EBEBEB] prose-headings:light:text-[#3E4247]\">\n<div>\n<div>\n<p class=\"mb-3 mt-0\" data-copy-text=\"true\"><strong>Roteiro Cl\u00e1ssico (1 dia):<\/strong><\/p>\n<\/div>\n<\/div>\n<\/div>\n<div class=\"hide-scrollbar markdown prose relative w-full max-w-none overflow-x-scroll break-words text-base leading-7 first:mt-0 prose-headings:first:mt-0 prose-strong:font-bold prose-thead:font-bold light:text-[#3E4247] dark:text-[#EBEBEB] prose-headings:light:text-[#3E4247]\">\n<div>\n<div>\n<ul class=\"mb-2 mt-0\">\n<li class=\"my-[5px] first:mt-0 last:mb-0\" data-copy-text=\"true\">Manh\u00e3: Ilhas do Itacolomi (contempla\u00e7\u00e3o)<\/li>\n<li class=\"my-[5px] first:mt-0 last:mb-0\" data-copy-text=\"true\">Tarde: Ilha Feia (mergulho e banho)<\/li>\n<li class=\"my-[5px] first:mt-0 last:mb-0\" data-copy-text=\"true\">Dura\u00e7\u00e3o total: 5-6 horas<\/li>\n<\/ul>\n<\/div>\n<\/div>\n<\/div>\n<div class=\"hide-scrollbar markdown prose relative w-full max-w-none overflow-x-scroll break-words text-base leading-7 first:mt-0 prose-headings:first:mt-0 prose-strong:font-bold prose-thead:font-bold light:text-[#3E4247] dark:text-[#EBEBEB] prose-headings:light:text-[#3E4247]\">\n<div>\n<div>\n<p class=\"mb-3 mt-0\" data-copy-text=\"true\"><strong>Roteiro Completo (1 dia):<\/strong><\/p>\n<\/div>\n<\/div>\n<\/div>\n<div class=\"hide-scrollbar markdown prose relative w-full max-w-none overflow-x-scroll break-words text-base leading-7 first:mt-0 prose-headings:first:mt-0 prose-strong:font-bold prose-thead:font-bold light:text-[#3E4247] dark:text-[#EBEBEB] prose-headings:light:text-[#3E4247]\">\n<div>\n<div>\n<ul class=\"mb-2 mt-0\">\n<li class=\"my-[5px] first:mt-0 last:mb-0\" data-copy-text=\"true\">Manh\u00e3: Ilhas do Itacolomi<\/li>\n<li class=\"my-[5px] first:mt-0 last:mb-0\" data-copy-text=\"true\">Meio-dia: Ilha Feia<\/li>\n<li class=\"my-[5px] first:mt-0 last:mb-0\" data-copy-text=\"true\">Tarde: Ilha do Grant (relaxamento)<\/li>\n<li class=\"my-[5px] first:mt-0 last:mb-0\" data-copy-text=\"true\">Dura\u00e7\u00e3o total: 7-8 horas<\/li>\n<\/ul>\n<\/div>\n<\/div>\n<\/div>\n<div class=\"hide-scrollbar markdown prose relative w-full max-w-none overflow-x-scroll break-words text-base leading-7 first:mt-0 prose-headings:first:mt-0 prose-strong:font-bold prose-thead:font-bold light:text-[#3E4247] dark:text-[#EBEBEB] prose-headings:light:text-[#3E4247]\">\n<div>\n<div>\n<p class=\"mb-3 mt-0\" data-copy-text=\"true\"><strong>Roteiro Tranquilo (meio dia):<\/strong><\/p>\n<\/div>\n<\/div>\n<\/div>\n<div class=\"hide-scrollbar markdown prose relative w-full max-w-none overflow-x-scroll break-words text-base leading-7 first:mt-0 prose-headings:first:mt-0 prose-strong:font-bold prose-thead:font-bold light:text-[#3E4247] dark:text-[#EBEBEB] prose-headings:light:text-[#3E4247]\">\n<div>\n<div>\n<ul class=\"mb-2 mt-0\">\n<li class=\"my-[5px] first:mt-0 last:mb-0\" data-copy-text=\"true\">Apenas Ilha do Grant<\/li>\n<li class=\"my-[5px] first:mt-0 last:mb-0\" data-copy-text=\"true\">Ideal para fam\u00edlias com crian\u00e7as pequenas<\/li>\n<li class=\"my-[5px] first:mt-0 last:mb-0\" data-copy-text=\"true\">Dura\u00e7\u00e3o: 3-4 horas na ilha<\/li>\n<\/ul>\n<\/div>\n<\/div>\n<\/div>\n<div class=\"hide-scrollbar markdown prose relative w-full max-w-none overflow-x-scroll break-words text-base leading-7 first:mt-0 prose-headings:first:mt-0 prose-strong:font-bold prose-thead:font-bold light:text-[#3E4247] dark:text-[#EBEBEB] prose-headings:light:text-[#3E4247]\">\n<div>\n<div>\n<h3 class=\"mb-2 mt-4 text-[1.25rem]\/[2rem] font-bold\">Dicas de Seguran\u00e7a<\/h3>\n<\/div>\n<\/div>\n<\/div>\n<div class=\"hide-scrollbar markdown prose relative w-full max-w-none overflow-x-scroll break-words text-base leading-7 first:mt-0 prose-headings:first:mt-0 prose-strong:font-bold prose-thead:font-bold light:text-[#3E4247] dark:text-[#EBEBEB] prose-headings:light:text-[#3E4247]\">\n<div>\n<div>\n<p class=\"mb-3 mt-0\" data-copy-text=\"true\"><strong>Antes do Embarque:<\/strong><\/p>\n<\/div>\n<\/div>\n<\/div>\n<div class=\"hide-scrollbar markdown prose relative w-full max-w-none overflow-x-scroll break-words text-base leading-7 first:mt-0 prose-headings:first:mt-0 prose-strong:font-bold prose-thead:font-bold light:text-[#3E4247] dark:text-[#EBEBEB] prose-headings:light:text-[#3E4247]\">\n<div>\n<div>\n<ul class=\"mb-2 mt-0\">\n<li class=\"my-[5px] first:mt-0 last:mb-0\" data-copy-text=\"true\">Verifique se a embarca\u00e7\u00e3o possui licen\u00e7a da Capitania dos Portos<\/li>\n<li class=\"my-[5px] first:mt-0 last:mb-0\" data-copy-text=\"true\">Confirme a presen\u00e7a de coletes salva-vidas para todos<\/li>\n<li class=\"my-[5px] first:mt-0 last:mb-0\" data-copy-text=\"true\">Observe as condi\u00e7\u00f5es clim\u00e1ticas<\/li>\n<li class=\"my-[5px] first:mt-0 last:mb-0\" data-copy-text=\"true\">Informe sobre problemas de sa\u00fade ao guia<\/li>\n<\/ul>\n<\/div>\n<\/div>\n<\/div>\n<div class=\"hide-scrollbar markdown prose relative w-full max-w-none overflow-x-scroll break-words text-base leading-7 first:mt-0 prose-headings:first:mt-0 prose-strong:font-bold prose-thead:font-bold light:text-[#3E4247] dark:text-[#EBEBEB] prose-headings:light:text-[#3E4247]\">\n<div>\n<div>\n<p class=\"mb-3 mt-0\" data-copy-text=\"true\"><strong>Durante o Passeio:<\/strong><\/p>\n<\/div>\n<\/div>\n<\/div>\n<div class=\"hide-scrollbar markdown prose relative w-full max-w-none overflow-x-scroll break-words text-base leading-7 first:mt-0 prose-headings:first:mt-0 prose-strong:font-bold prose-thead:font-bold light:text-[#3E4247] dark:text-[#EBEBEB] prose-headings:light:text-[#3E4247]\">\n<div>\n<div>\n<ul class=\"mb-2 mt-0\">\n<li class=\"my-[5px] first:mt-0 last:mb-0\" data-copy-text=\"true\">Siga sempre as orienta\u00e7\u00f5es da tripula\u00e7\u00e3o<\/li>\n<li class=\"my-[5px] first:mt-0 last:mb-0\" data-copy-text=\"true\">Use colete salva-vidas quando solicitado<\/li>\n<li class=\"my-[5px] first:mt-0 last:mb-0\" data-copy-text=\"true\">N\u00e3o se aproxime das bordas sem autoriza\u00e7\u00e3o<\/li>\n<li class=\"my-[5px] first:mt-0 last:mb-0\" data-copy-text=\"true\">Mantenha-se hidratado<\/li>\n<\/ul>\n<\/div>\n<\/div>\n<\/div>\n<div class=\"hide-scrollbar markdown prose relative w-full max-w-none overflow-x-scroll break-words text-base leading-7 first:mt-0 prose-headings:first:mt-0 prose-strong:font-bold prose-thead:font-bold light:text-[#3E4247] dark:text-[#EBEBEB] prose-headings:light:text-[#3E4247]\"><\/div>\n<div class=\"hide-scrollbar markdown prose relative w-full max-w-none overflow-x-scroll break-words text-base leading-7 first:mt-0 prose-headings:first:mt-0 prose-strong:font-bold prose-thead:font-bold light:text-[#3E4247] dark:text-[#EBEBEB] prose-headings:light:text-[#3E4247]\">\n<div>\n<div>\n<p class=\"mb-3 mt-0\" data-copy-text=\"true\"><strong>Na Ilha do Grant:<\/strong><\/p>\n<\/div>\n<\/div>\n<\/div>\n<div class=\"hide-scrollbar markdown prose relative w-full max-w-none overflow-x-scroll break-words text-base leading-7 first:mt-0 prose-headings:first:mt-0 prose-strong:font-bold prose-thead:font-bold light:text-[#3E4247] dark:text-[#EBEBEB] prose-headings:light:text-[#3E4247]\">\n<div>\n<div>\n<ul class=\"mb-2 mt-0\">\n<li class=\"my-[5px] first:mt-0 last:mb-0\" data-copy-text=\"true\">Respeite a natureza local<\/li>\n<li class=\"my-[5px] first:mt-0 last:mb-0\" data-copy-text=\"true\">N\u00e3o deixe lixo na ilha<\/li>\n<li class=\"my-[5px] first:mt-0 last:mb-0\" data-copy-text=\"true\">Cuidado com as pedras escorregadias<\/li>\n<li class=\"my-[5px] first:mt-0 last:mb-0\" data-copy-text=\"true\">Supervisione crian\u00e7as pr\u00f3ximo \u00e0 \u00e1gua<\/li>\n<\/ul>\n<\/div>\n<\/div>\n<\/div>\n<div class=\"hide-scrollbar markdown prose relative w-full max-w-none overflow-x-scroll break-words text-base leading-7 first:mt-0 prose-headings:first:mt-0 prose-strong:font-bold prose-thead:font-bold light:text-[#3E4247] dark:text-[#EBEBEB] prose-headings:light:text-[#3E4247]\">\n<div>\n<div>\n<h3 class=\"mb-2 mt-4 text-[1.25rem]\/[2rem] font-bold\"><span dir=\"auto\" style=\"vertical-align: inherit;\"><span dir=\"auto\" style=\"vertical-align: inherit;\">Como reservar<\/span><\/span><\/h3>\n<\/div>\n<\/div>\n<\/div>\n<div class=\"hide-scrollbar markdown prose relative w-full max-w-none overflow-x-scroll break-words text-base leading-7 first:mt-0 prose-headings:first:mt-0 prose-strong:font-bold prose-thead:font-bold light:text-[#3E4247] dark:text-[#EBEBEB] prose-headings:light:text-[#3E4247]\">\n<div>\n<div>\n<p class=\"mb-3 mt-0\" data-copy-text=\"true\"><strong>Anteced\u00eancia Recomendada:<\/strong><\/p>\n<\/div>\n<\/div>\n<\/div>\n<div class=\"hide-scrollbar markdown prose relative w-full max-w-none overflow-x-scroll break-words text-base leading-7 first:mt-0 prose-headings:first:mt-0 prose-strong:font-bold prose-thead:font-bold light:text-[#3E4247] dark:text-[#EBEBEB] prose-headings:light:text-[#3E4247]\">\n<div>\n<div>\n<ul class=\"mb-2 mt-0\">\n<li class=\"my-[5px] first:mt-0 last:mb-0\" data-copy-text=\"true\">Alta temporada: 3 a 7 dias<\/li>\n<li class=\"my-[5px] first:mt-0 last:mb-0\" data-copy-text=\"true\">Baixa temporada: 1 a 2 dias<\/li>\n<li class=\"my-[5px] first:mt-0 last:mb-0\" data-copy-text=\"true\">Feriados prolongados: 15 dias<\/li>\n<\/ul>\n<\/div>\n<\/div>\n<\/div>\n<div class=\"hide-scrollbar markdown prose relative w-full max-w-none overflow-x-scroll break-words text-base leading-7 first:mt-0 prose-headings:first:mt-0 prose-strong:font-bold prose-thead:font-bold light:text-[#3E4247] dark:text-[#EBEBEB] prose-headings:light:text-[#3E4247]\">\n<div>\n<div>\n<p class=\"mb-3 mt-0\" data-copy-text=\"true\"><strong>Formas de Reserva:<\/strong><\/p>\n<\/div>\n<\/div>\n<\/div>\n<div class=\"hide-scrollbar markdown prose relative w-full max-w-none overflow-x-scroll break-words text-base leading-7 first:mt-0 prose-headings:first:mt-0 prose-strong:font-bold prose-thead:font-bold light:text-[#3E4247] dark:text-[#EBEBEB] prose-headings:light:text-[#3E4247]\">\n<div>\n<div>\n<ul class=\"mb-2 mt-0\">\n<li class=\"my-[5px] first:mt-0 last:mb-0\" data-copy-text=\"true\">Diretamente no cais (sujeito \u00e0 disponibilidade)<\/li>\n<li class=\"my-[5px] first:mt-0 last:mb-0\" data-copy-text=\"true\">Ag\u00eancias de turismo locais<\/li>\n<li class=\"my-[5px] first:mt-0 last:mb-0\" data-copy-text=\"true\">Pousadas e hot\u00e9is da regi\u00e3o<\/li>\n<li class=\"my-[5px] first:mt-0 last:mb-0\" data-copy-text=\"true\">Sites especializados em turismo n\u00e1utico<\/li>\n<\/ul>\n<\/div>\n<\/div>\n<\/div>\n<div class=\"hide-scrollbar markdown prose relative w-full max-w-none overflow-x-scroll break-words text-base leading-7 first:mt-0 prose-headings:first:mt-0 prose-strong:font-bold prose-thead:font-bold light:text-[#3E4247] dark:text-[#EBEBEB] prose-headings:light:text-[#3E4247]\">\n<div>\n<div>\n<p class=\"mb-3 mt-0\" data-copy-text=\"true\"><strong>Cancelamentos:<\/strong> A maioria dos operadores permite cancelamento gratuito at\u00e9 24 horas antes do passeio em caso de mau tempo. Sempre confirme a pol\u00edtica de cancelamento ao reservar.<\/p>\n<\/div>\n<\/div>\n<\/div>\n<div class=\"hide-scrollbar markdown prose relative w-full max-w-none overflow-x-scroll break-words text-base leading-7 first:mt-0 prose-headings:first:mt-0 prose-strong:font-bold prose-thead:font-bold light:text-[#3E4247] dark:text-[#EBEBEB] prose-headings:light:text-[#3E4247]\">\n<div>\n<div>\n<h2 class=\"mb-2 mt-4 text-[1.5rem]\/[2.25rem] font-bold\">Conclus\u00e3o: Tr\u00eas Joias, Uma Experi\u00eancia Inesquec\u00edvel<\/h2>\n<\/div>\n<\/div>\n<\/div>\n<div class=\"hide-scrollbar markdown prose relative w-full max-w-none overflow-x-scroll break-words text-base leading-7 first:mt-0 prose-headings:first:mt-0 prose-strong:font-bold prose-thead:font-bold light:text-[#3E4247] dark:text-[#EBEBEB] prose-headings:light:text-[#3E4247]\">\n<div>\n<div>\n<p class=\"mb-3 mt-0\" data-copy-text=\"true\">Visitar a <strong>Ilha Feia<\/strong>, as <strong>Ilhas do Itacolomi<\/strong> e a <strong>Ilha do Grant<\/strong> \u00e9 mergulhar em um universo onde natureza exuberante, lendas fascinantes e hist\u00f3ria se encontram nas \u00e1guas cristalinas do litoral catarinense. Cada <strong>passeio de barco<\/strong> revela n\u00e3o apenas paisagens de tirar o f\u00f4lego, mas tamb\u00e9m conecta voc\u00ea com as tradi\u00e7\u00f5es e mist\u00e9rios que moldaram a identidade cultural da regi\u00e3o.<\/p>\n<\/div>\n<\/div>\n<\/div>\n<div class=\"hide-scrollbar markdown prose relative w-full max-w-none overflow-x-scroll break-words text-base leading-7 first:mt-0 prose-headings:first:mt-0 prose-strong:font-bold prose-thead:font-bold light:text-[#3E4247] dark:text-[#EBEBEB] prose-headings:light:text-[#3E4247]\">\n<div>\n<div>\n<p class=\"mb-3 mt-0\" data-copy-text=\"true\">Essas <strong>ilhas de Santa Catarina<\/strong> oferecem experi\u00eancias complementares: a contempla\u00e7\u00e3o respeitosa da natureza protegida nas Ilhas do Itacolomi, a aventura do mergulho na Ilha Feia e a tranquilidade relaxante da Ilha do Grant. Juntas, elas formam um roteiro completo que atende a todos os perfis de viajantes.<\/p>\n<\/div>\n<\/div>\n<\/div>\n<div class=\"hide-scrollbar markdown prose relative w-full max-w-none overflow-x-scroll break-words text-base leading-7 first:mt-0 prose-headings:first:mt-0 prose-strong:font-bold prose-thead:font-bold light:text-[#3E4247] dark:text-[#EBEBEB] prose-headings:light:text-[#3E4247]\">\n<div>\n<div>\n<p class=\"mb-3 mt-0\" data-copy-text=\"true\"><strong>N\u00e3o deixe para depois a oportunidade de viver essa aventura \u00fanica.<\/strong> Reserve seu passeio, prepare sua c\u00e2mera e abra-se para descobrir por que essas ilhas s\u00e3o consideradas verdadeiros tesouros do <strong>turismo em ilhas<\/strong> brasileiro.<\/p>\n<\/div>\n<\/div>\n<\/div>\n<div class=\"hide-scrollbar markdown prose relative w-full max-w-none overflow-x-scroll break-words text-base leading-7 first:mt-0 prose-headings:first:mt-0 prose-strong:font-bold prose-thead:font-bold light:text-[#3E4247] dark:text-[#EBEBEB] prose-headings:light:text-[#3E4247]\">\n<div>\n<div>\n<p class=\"mb-3 mt-0\" data-copy-text=\"true\">Sua jornada pelas <strong>lendas de ilhas SC<\/strong> come\u00e7a com uma simples decis\u00e3o: embarcar nessa experi\u00eancia transformadora que ficar\u00e1 gravada em sua mem\u00f3ria para sempre.<\/p>\n<\/div>\n<\/div>\n<\/div>\n<\/div>\n","protected":false},"excerpt":{"rendered":"<p>Imagine navegar pelas \u00e1guas cristalinas do litoral norte de Santa Catarina e avistar no horizonte forma\u00e7\u00f5es rochosas majestosas que emergem do oceano como guardi\u00f5es silenciosos de hist\u00f3rias milenares. As Ilhas do Itacolomi, a Ilha Feia e a Ilha do Grant s\u00e3o verdadeiras joias brutas do mar catarinense, cada uma carregando lendas fascinantes, biodiversidade \u00fanica e [&hellip;]<\/p>\n","protected":false},"author":2,"featured_media":9914,"comment_status":"closed","ping_status":"open","sticky":false,"template":"","format":"standard","meta":{"footnotes":""},"categories":[29],"tags":[34,12,19,32,2,3,28,22,35,36,37,15,4,24,30,5,6,7],"class_list":["post-9901","post","type-post","status-publish","format-standard","has-post-thumbnail","hentry","category-informativo","tag-estadiacurta","tag-imobiliaria","tag-praia","tag-apartamento-na-planta","tag-balneabilidade","tag-balneario-picarras","tag-barra-velha","tag-beto-carreiro-world","tag-ilha-do-grant","tag-ilha-feia","tag-ilhas-do-itacolomi","tag-imoveis","tag-investimentos-imobiliarios","tag-parque","tag-penha","tag-picarras","tag-rentabilidade","tag-selo-bandeira-azul"],"yoast_head":"<!-- This site is optimized with the Yoast SEO plugin v27.5 - https:\/\/yoast.com\/product\/yoast-seo-wordpress\/ -->\n<title>Ilha do Grant, as Ilhas do Itacolomi e a Ilha feia: Historia e Belezas Naturais - Blog Unolar Im\u00f3veis<\/title>\n<meta name=\"description\" content=\"Descubra as Ilhas do Itacolomi e Ilha Feia em SC: lendas, passeios de barco e belezas naturais do litoral catarinense. Guia completo 2025.\" \/>\n<meta name=\"robots\" content=\"noindex, follow, max-snippet:-1, max-image-preview:large, max-video-preview:-1\" \/>\n<meta property=\"og:locale\" content=\"pt_BR\" \/>\n<meta property=\"og:type\" content=\"article\" \/>\n<meta property=\"og:title\" content=\"Ilha do Grant, as Ilhas do Itacolomi e a Ilha feia: Historia e Belezas Naturais - Blog Unolar Im\u00f3veis\" \/>\n<meta property=\"og:description\" content=\"Descubra as Ilhas do Itacolomi e Ilha Feia em SC: lendas, passeios de barco e belezas naturais do litoral catarinense. Guia completo 2025.\" \/>\n<meta property=\"og:url\" content=\"https:\/\/blog.unolar.com.br\/?p=9901\" \/>\n<meta property=\"og:site_name\" content=\"Blog Unolar Im\u00f3veis\" \/>\n<meta property=\"article:publisher\" content=\"https:\/\/www.facebook.com\/UnolarImoveis\/\" \/>\n<meta property=\"article:published_time\" content=\"2025-11-19T20:35:59+00:00\" \/>\n<meta property=\"og:image\" content=\"https:\/\/blog.unolar.com.br\/wp-content\/uploads\/2025\/11\/Rascunhos-Blog-5-scaled-1.jpg\" \/>\n\t<meta property=\"og:image:width\" content=\"2560\" \/>\n\t<meta property=\"og:image:height\" content=\"1440\" \/>\n\t<meta property=\"og:image:type\" content=\"image\/jpeg\" \/>\n<meta name=\"author\" content=\"Thiago Cardoso\" \/>\n<meta name=\"twitter:card\" content=\"summary_large_image\" \/>\n<meta name=\"twitter:label1\" content=\"Escrito por\" \/>\n\t<meta name=\"twitter:data1\" content=\"Thiago Cardoso\" \/>\n\t<meta name=\"twitter:label2\" content=\"Est. tempo de leitura\" \/>\n\t<meta name=\"twitter:data2\" content=\"12 minutos\" \/>\n<script type=\"application\/ld+json\" class=\"yoast-schema-graph\">{\"@context\":\"https:\\\/\\\/schema.org\",\"@graph\":[{\"@type\":\"Article\",\"@id\":\"https:\\\/\\\/blog.unolar.com.br\\\/?p=9901#article\",\"isPartOf\":{\"@id\":\"https:\\\/\\\/blog.unolar.com.br\\\/?p=9901\"},\"author\":{\"name\":\"Thiago Cardoso\",\"@id\":\"https:\\\/\\\/blog.unolar.com.br\\\/#\\\/schema\\\/person\\\/bf49a80aaec5a67823f2e2289c091f0b\"},\"headline\":\"Ilha do Grant, as Ilhas do Itacolomi e a Ilha feia: Historia e Belezas Naturais\",\"datePublished\":\"2025-11-19T20:35:59+00:00\",\"mainEntityOfPage\":{\"@id\":\"https:\\\/\\\/blog.unolar.com.br\\\/?p=9901\"},\"wordCount\":2401,\"publisher\":{\"@id\":\"https:\\\/\\\/blog.unolar.com.br\\\/#organization\"},\"image\":{\"@id\":\"https:\\\/\\\/blog.unolar.com.br\\\/?p=9901#primaryimage\"},\"thumbnailUrl\":\"https:\\\/\\\/blog.unolar.com.br\\\/wp-content\\\/uploads\\\/2025\\\/11\\\/Rascunhos-Blog-5-scaled-1.jpg\",\"keywords\":[\"#estadiacurta\",\"#imobiliaria\",\"#praia\",\"apartamento na planta\",\"balneabilidade\",\"balne\u00e1rio pi\u00e7arras\",\"barra velha\",\"beto carreiro world\",\"ilha do grant\",\"ilha feia\",\"ilhas do itacolomi\",\"imoveis\",\"investimentos imobiliarios\",\"parque\",\"penha\",\"pi\u00e7arras\",\"rentabilidade\",\"selo bandeira azul\"],\"articleSection\":[\"Informativo\"],\"inLanguage\":\"pt-BR\"},{\"@type\":\"WebPage\",\"@id\":\"https:\\\/\\\/blog.unolar.com.br\\\/?p=9901\",\"url\":\"https:\\\/\\\/blog.unolar.com.br\\\/?p=9901\",\"name\":\"Ilha do Grant, as Ilhas do Itacolomi e a Ilha feia: Historia e Belezas Naturais - Blog Unolar Im\u00f3veis\",\"isPartOf\":{\"@id\":\"https:\\\/\\\/blog.unolar.com.br\\\/#website\"},\"primaryImageOfPage\":{\"@id\":\"https:\\\/\\\/blog.unolar.com.br\\\/?p=9901#primaryimage\"},\"image\":{\"@id\":\"https:\\\/\\\/blog.unolar.com.br\\\/?p=9901#primaryimage\"},\"thumbnailUrl\":\"https:\\\/\\\/blog.unolar.com.br\\\/wp-content\\\/uploads\\\/2025\\\/11\\\/Rascunhos-Blog-5-scaled-1.jpg\",\"datePublished\":\"2025-11-19T20:35:59+00:00\",\"description\":\"Descubra as Ilhas do Itacolomi e Ilha Feia em SC: lendas, passeios de barco e belezas naturais do litoral catarinense. Guia completo 2025.\",\"breadcrumb\":{\"@id\":\"https:\\\/\\\/blog.unolar.com.br\\\/?p=9901#breadcrumb\"},\"inLanguage\":\"pt-BR\",\"potentialAction\":[{\"@type\":\"ReadAction\",\"target\":[\"https:\\\/\\\/blog.unolar.com.br\\\/?p=9901\"]}]},{\"@type\":\"ImageObject\",\"inLanguage\":\"pt-BR\",\"@id\":\"https:\\\/\\\/blog.unolar.com.br\\\/?p=9901#primaryimage\",\"url\":\"https:\\\/\\\/blog.unolar.com.br\\\/wp-content\\\/uploads\\\/2025\\\/11\\\/Rascunhos-Blog-5-scaled-1.jpg\",\"contentUrl\":\"https:\\\/\\\/blog.unolar.com.br\\\/wp-content\\\/uploads\\\/2025\\\/11\\\/Rascunhos-Blog-5-scaled-1.jpg\",\"width\":2560,\"height\":1440},{\"@type\":\"BreadcrumbList\",\"@id\":\"https:\\\/\\\/blog.unolar.com.br\\\/?p=9901#breadcrumb\",\"itemListElement\":[{\"@type\":\"ListItem\",\"position\":1,\"name\":\"In\u00edcio\",\"item\":\"https:\\\/\\\/blog.unolar.com.br\\\/\"},{\"@type\":\"ListItem\",\"position\":2,\"name\":\"Ilha do Grant, as Ilhas do Itacolomi e a Ilha feia: Historia e Belezas Naturais\"}]},{\"@type\":\"WebSite\",\"@id\":\"https:\\\/\\\/blog.unolar.com.br\\\/#website\",\"url\":\"https:\\\/\\\/blog.unolar.com.br\\\/\",\"name\":\"Blog Unolar Im\u00f3veis\",\"description\":\"\",\"publisher\":{\"@id\":\"https:\\\/\\\/blog.unolar.com.br\\\/#organization\"},\"potentialAction\":[{\"@type\":\"SearchAction\",\"target\":{\"@type\":\"EntryPoint\",\"urlTemplate\":\"https:\\\/\\\/blog.unolar.com.br\\\/?s={search_term_string}\"},\"query-input\":{\"@type\":\"PropertyValueSpecification\",\"valueRequired\":true,\"valueName\":\"search_term_string\"}}],\"inLanguage\":\"pt-BR\"},{\"@type\":\"Organization\",\"@id\":\"https:\\\/\\\/blog.unolar.com.br\\\/#organization\",\"name\":\"Blog Unolar Im\u00f3veis\",\"url\":\"https:\\\/\\\/blog.unolar.com.br\\\/\",\"logo\":{\"@type\":\"ImageObject\",\"inLanguage\":\"pt-BR\",\"@id\":\"https:\\\/\\\/blog.unolar.com.br\\\/#\\\/schema\\\/logo\\\/image\\\/\",\"url\":\"https:\\\/\\\/blog.unolar.com.br\\\/wp-content\\\/uploads\\\/2026\\\/04\\\/Icone-1.png\",\"contentUrl\":\"https:\\\/\\\/blog.unolar.com.br\\\/wp-content\\\/uploads\\\/2026\\\/04\\\/Icone-1.png\",\"width\":1001,\"height\":1001,\"caption\":\"Blog Unolar Im\u00f3veis\"},\"image\":{\"@id\":\"https:\\\/\\\/blog.unolar.com.br\\\/#\\\/schema\\\/logo\\\/image\\\/\"},\"sameAs\":[\"https:\\\/\\\/www.facebook.com\\\/UnolarImoveis\\\/\",\"https:\\\/\\\/www.instagram.com\\\/unolarimoveis\"]},{\"@type\":\"Person\",\"@id\":\"https:\\\/\\\/blog.unolar.com.br\\\/#\\\/schema\\\/person\\\/bf49a80aaec5a67823f2e2289c091f0b\",\"name\":\"Thiago Cardoso\",\"image\":{\"@type\":\"ImageObject\",\"inLanguage\":\"pt-BR\",\"@id\":\"https:\\\/\\\/secure.gravatar.com\\\/avatar\\\/1842d6c0841ac911719ccca153f7aa284b806975c71a770831acd69509733002?s=96&d=mm&r=g\",\"url\":\"https:\\\/\\\/secure.gravatar.com\\\/avatar\\\/1842d6c0841ac911719ccca153f7aa284b806975c71a770831acd69509733002?s=96&d=mm&r=g\",\"contentUrl\":\"https:\\\/\\\/secure.gravatar.com\\\/avatar\\\/1842d6c0841ac911719ccca153f7aa284b806975c71a770831acd69509733002?s=96&d=mm&r=g\",\"caption\":\"Thiago Cardoso\"},\"sameAs\":[\"http:\\\/\\\/unolar.com.br\"],\"url\":\"https:\\\/\\\/blog.unolar.com.br\\\/?author=2\"}]}<\/script>\n<!-- \/ Yoast SEO plugin. -->","yoast_head_json":{"title":"Ilha do Grant, as Ilhas do Itacolomi e a Ilha feia: Historia e Belezas Naturais - Blog Unolar Im\u00f3veis","description":"Descubra as Ilhas do Itacolomi e Ilha Feia em SC: lendas, passeios de barco e belezas naturais do litoral catarinense. Guia completo 2025.","robots":{"index":"noindex","follow":"follow","max-snippet":"max-snippet:-1","max-image-preview":"max-image-preview:large","max-video-preview":"max-video-preview:-1"},"og_locale":"pt_BR","og_type":"article","og_title":"Ilha do Grant, as Ilhas do Itacolomi e a Ilha feia: Historia e Belezas Naturais - Blog Unolar Im\u00f3veis","og_description":"Descubra as Ilhas do Itacolomi e Ilha Feia em SC: lendas, passeios de barco e belezas naturais do litoral catarinense. Guia completo 2025.","og_url":"https:\/\/blog.unolar.com.br\/?p=9901","og_site_name":"Blog Unolar Im\u00f3veis","article_publisher":"https:\/\/www.facebook.com\/UnolarImoveis\/","article_published_time":"2025-11-19T20:35:59+00:00","og_image":[{"width":2560,"height":1440,"url":"https:\/\/blog.unolar.com.br\/wp-content\/uploads\/2025\/11\/Rascunhos-Blog-5-scaled-1.jpg","type":"image\/jpeg"}],"author":"Thiago Cardoso","twitter_card":"summary_large_image","twitter_misc":{"Escrito por":"Thiago Cardoso","Est. tempo de leitura":"12 minutos"},"schema":{"@context":"https:\/\/schema.org","@graph":[{"@type":"Article","@id":"https:\/\/blog.unolar.com.br\/?p=9901#article","isPartOf":{"@id":"https:\/\/blog.unolar.com.br\/?p=9901"},"author":{"name":"Thiago Cardoso","@id":"https:\/\/blog.unolar.com.br\/#\/schema\/person\/bf49a80aaec5a67823f2e2289c091f0b"},"headline":"Ilha do Grant, as Ilhas do Itacolomi e a Ilha feia: Historia e Belezas Naturais","datePublished":"2025-11-19T20:35:59+00:00","mainEntityOfPage":{"@id":"https:\/\/blog.unolar.com.br\/?p=9901"},"wordCount":2401,"publisher":{"@id":"https:\/\/blog.unolar.com.br\/#organization"},"image":{"@id":"https:\/\/blog.unolar.com.br\/?p=9901#primaryimage"},"thumbnailUrl":"https:\/\/blog.unolar.com.br\/wp-content\/uploads\/2025\/11\/Rascunhos-Blog-5-scaled-1.jpg","keywords":["#estadiacurta","#imobiliaria","#praia","apartamento na planta","balneabilidade","balne\u00e1rio pi\u00e7arras","barra velha","beto carreiro world","ilha do grant","ilha feia","ilhas do itacolomi","imoveis","investimentos imobiliarios","parque","penha","pi\u00e7arras","rentabilidade","selo bandeira azul"],"articleSection":["Informativo"],"inLanguage":"pt-BR"},{"@type":"WebPage","@id":"https:\/\/blog.unolar.com.br\/?p=9901","url":"https:\/\/blog.unolar.com.br\/?p=9901","name":"Ilha do Grant, as Ilhas do Itacolomi e a Ilha feia: Historia e Belezas Naturais - Blog Unolar Im\u00f3veis","isPartOf":{"@id":"https:\/\/blog.unolar.com.br\/#website"},"primaryImageOfPage":{"@id":"https:\/\/blog.unolar.com.br\/?p=9901#primaryimage"},"image":{"@id":"https:\/\/blog.unolar.com.br\/?p=9901#primaryimage"},"thumbnailUrl":"https:\/\/blog.unolar.com.br\/wp-content\/uploads\/2025\/11\/Rascunhos-Blog-5-scaled-1.jpg","datePublished":"2025-11-19T20:35:59+00:00","description":"Descubra as Ilhas do Itacolomi e Ilha Feia em SC: lendas, passeios de barco e belezas naturais do litoral catarinense. Guia completo 2025.","breadcrumb":{"@id":"https:\/\/blog.unolar.com.br\/?p=9901#breadcrumb"},"inLanguage":"pt-BR","potentialAction":[{"@type":"ReadAction","target":["https:\/\/blog.unolar.com.br\/?p=9901"]}]},{"@type":"ImageObject","inLanguage":"pt-BR","@id":"https:\/\/blog.unolar.com.br\/?p=9901#primaryimage","url":"https:\/\/blog.unolar.com.br\/wp-content\/uploads\/2025\/11\/Rascunhos-Blog-5-scaled-1.jpg","contentUrl":"https:\/\/blog.unolar.com.br\/wp-content\/uploads\/2025\/11\/Rascunhos-Blog-5-scaled-1.jpg","width":2560,"height":1440},{"@type":"BreadcrumbList","@id":"https:\/\/blog.unolar.com.br\/?p=9901#breadcrumb","itemListElement":[{"@type":"ListItem","position":1,"name":"In\u00edcio","item":"https:\/\/blog.unolar.com.br\/"},{"@type":"ListItem","position":2,"name":"Ilha do Grant, as Ilhas do Itacolomi e a Ilha feia: Historia e Belezas Naturais"}]},{"@type":"WebSite","@id":"https:\/\/blog.unolar.com.br\/#website","url":"https:\/\/blog.unolar.com.br\/","name":"Blog Unolar Im\u00f3veis","description":"","publisher":{"@id":"https:\/\/blog.unolar.com.br\/#organization"},"potentialAction":[{"@type":"SearchAction","target":{"@type":"EntryPoint","urlTemplate":"https:\/\/blog.unolar.com.br\/?s={search_term_string}"},"query-input":{"@type":"PropertyValueSpecification","valueRequired":true,"valueName":"search_term_string"}}],"inLanguage":"pt-BR"},{"@type":"Organization","@id":"https:\/\/blog.unolar.com.br\/#organization","name":"Blog Unolar Im\u00f3veis","url":"https:\/\/blog.unolar.com.br\/","logo":{"@type":"ImageObject","inLanguage":"pt-BR","@id":"https:\/\/blog.unolar.com.br\/#\/schema\/logo\/image\/","url":"https:\/\/blog.unolar.com.br\/wp-content\/uploads\/2026\/04\/Icone-1.png","contentUrl":"https:\/\/blog.unolar.com.br\/wp-content\/uploads\/2026\/04\/Icone-1.png","width":1001,"height":1001,"caption":"Blog Unolar Im\u00f3veis"},"image":{"@id":"https:\/\/blog.unolar.com.br\/#\/schema\/logo\/image\/"},"sameAs":["https:\/\/www.facebook.com\/UnolarImoveis\/","https:\/\/www.instagram.com\/unolarimoveis"]},{"@type":"Person","@id":"https:\/\/blog.unolar.com.br\/#\/schema\/person\/bf49a80aaec5a67823f2e2289c091f0b","name":"Thiago Cardoso","image":{"@type":"ImageObject","inLanguage":"pt-BR","@id":"https:\/\/secure.gravatar.com\/avatar\/1842d6c0841ac911719ccca153f7aa284b806975c71a770831acd69509733002?s=96&d=mm&r=g","url":"https:\/\/secure.gravatar.com\/avatar\/1842d6c0841ac911719ccca153f7aa284b806975c71a770831acd69509733002?s=96&d=mm&r=g","contentUrl":"https:\/\/secure.gravatar.com\/avatar\/1842d6c0841ac911719ccca153f7aa284b806975c71a770831acd69509733002?s=96&d=mm&r=g","caption":"Thiago Cardoso"},"sameAs":["http:\/\/unolar.com.br"],"url":"https:\/\/blog.unolar.com.br\/?author=2"}]}},"_links":{"self":[{"href":"https:\/\/blog.unolar.com.br\/index.php?rest_route=\/wp\/v2\/posts\/9901","targetHints":{"allow":["GET"]}}],"collection":[{"href":"https:\/\/blog.unolar.com.br\/index.php?rest_route=\/wp\/v2\/posts"}],"about":[{"href":"https:\/\/blog.unolar.com.br\/index.php?rest_route=\/wp\/v2\/types\/post"}],"author":[{"embeddable":true,"href":"https:\/\/blog.unolar.com.br\/index.php?rest_route=\/wp\/v2\/users\/2"}],"replies":[{"embeddable":true,"href":"https:\/\/blog.unolar.com.br\/index.php?rest_route=%2Fwp%2Fv2%2Fcomments&post=9901"}],"version-history":[{"count":0,"href":"https:\/\/blog.unolar.com.br\/index.php?rest_route=\/wp\/v2\/posts\/9901\/revisions"}],"wp:featuredmedia":[{"embeddable":true,"href":"https:\/\/blog.unolar.com.br\/index.php?rest_route=\/wp\/v2\/media\/9914"}],"wp:attachment":[{"href":"https:\/\/blog.unolar.com.br\/index.php?rest_route=%2Fwp%2Fv2%2Fmedia&parent=9901"}],"wp:term":[{"taxonomy":"category","embeddable":true,"href":"https:\/\/blog.unolar.com.br\/index.php?rest_route=%2Fwp%2Fv2%2Fcategories&post=9901"},{"taxonomy":"post_tag","embeddable":true,"href":"https:\/\/blog.unolar.com.br\/index.php?rest_route=%2Fwp%2Fv2%2Ftags&post=9901"}],"curies":[{"name":"wp","href":"https:\/\/api.w.org\/{rel}","templated":true}]}}